{"id":6318,"date":"2024-09-06T21:34:17","date_gmt":"2024-09-06T21:34:17","guid":{"rendered":""},"modified":"-0001-11-30T00:00:00","modified_gmt":"-0001-11-29T21:00:00","slug":"ele-atadan-bele-ogul","status":"publish","type":"post","link":"https:\/\/nedir.az\/atalar-sozleri\/ele-atadan-bele-ogul-atalar-sozunun-menasi-nedir","title":{"rendered":"El\u0259 Atadan Bel\u0259 O\u011ful?!"},"content":{"rendered":"<p>&#8220;el\u0259 atadan bel\u0259 o\u011ful?!&#8221; atalar s\u00f6z\u00fcn\u00fcn m\u0259nas\u0131, bir insan\u0131n xarakteri, davran\u0131\u015flar\u0131 v\u0259 x\u00fcsusiyy\u0259tl\u0259rinin, onun valideynl\u0259rind\u0259n miras qald\u0131\u011f\u0131n\u0131 ifad\u0259 edir. Bu atalar s\u00f6z\u00fc, ad\u0259t\u0259n, bir \u015f\u0259xsin m\u00fcsb\u0259t v\u0259 ya m\u0259nfi x\u00fcsusiyy\u0259tl\u0259rinin, ail\u0259 m\u00fchitind\u0259n v\u0259 t\u0259rbiy\u0259sind\u0259n qaynaqland\u0131\u011f\u0131n\u0131 vur\u011fulamaq \u00fc\u00e7\u00fcn istifad\u0259 olunur. Y\u0259ni, bir insan\u0131n nec\u0259 olaca\u011f\u0131, onun yeti\u015fdiyi m\u00fchit v\u0259 valideynl\u0259rinin t\u0259siri il\u0259 s\u0131x ba\u011fl\u0131d\u0131r.<\/p>\n<p><b>Q\u0131sa M\u0259nas\u0131<\/b><br \/>Bir insan\u0131n davran\u0131\u015flar\u0131 v\u0259 xarakteri, valideynl\u0259rind\u0259n miras qald\u0131\u011f\u0131n\u0131 g\u00f6st\u0259rir.<\/p>\n","protected":false},"excerpt":{"rendered":"<p>&#8220;el\u0259 atadan bel\u0259 o\u011ful?!&#8221; atalar s\u00f6z\u00fcn\u00fcn m\u0259nas\u0131, bir insan\u0131n xarakteri, davran\u0131\u015flar\u0131 v\u0259 x\u00fcsusiyy\u0259tl\u0259rinin, onun valideynl\u0259rind\u0259n miras qald\u0131\u011f\u0131n\u0131 ifad\u0259 edir. Bu atalar s\u00f6z\u00fc, ad\u0259t\u0259n, bir \u015f\u0259xsin m\u00fcsb\u0259t v\u0259 ya m\u0259nfi x\u00fcsusiyy\u0259tl\u0259rinin, ail\u0259 m\u00fchitind\u0259n v\u0259 t\u0259rbiy\u0259sind\u0259n qaynaqland\u0131\u011f\u0131n\u0131 vur\u011fulamaq \u00fc\u00e7\u00fcn istifad\u0259 olunur. Y\u0259ni, bir insan\u0131n nec\u0259 olaca\u011f\u0131, onun yeti\u015fdiyi m\u00fchit v\u0259 valideynl\u0259rinin t\u0259siri il\u0259 s\u0131x ba\u011fl\u0131d\u0131r. Q\u0131sa M\u0259nas\u0131Bir &#8230; <a title=\"El\u0259 Atadan Bel\u0259 O\u011ful?!\" class=\"read-more\" href=\"https:\/\/nedir.az\/atalar-sozleri\/ele-atadan-bele-ogul-atalar-sozunun-menasi-nedir\" aria-label=\"Read more about El\u0259 Atadan Bel\u0259 O\u011ful?!\">Read more<\/a><\/p>\n","protected":false},"author":2,"featured_media":0,"comment_status":"open","ping_status":"open","sticky":false,"template":"","format":"standard","meta":{"footnotes":""},"categories":[1],"tags":[],"class_list":["post-6318","post","type-post","status-publish","format-standard","hentry","category-atalar-sozleri-atalar-sozu"],"aioseo_notices":[],"_links":{"self":[{"href":"https:\/\/nedir.az\/atalar-sozleri\/wp-json\/wp\/v2\/posts\/6318","targetHints":{"allow":["GET"]}}],"collection":[{"href":"https:\/\/nedir.az\/atalar-sozleri\/wp-json\/wp\/v2\/posts"}],"about":[{"href":"https:\/\/nedir.az\/atalar-sozleri\/wp-json\/wp\/v2\/types\/post"}],"author":[{"embeddable":true,"href":"https:\/\/nedir.az\/atalar-sozleri\/wp-json\/wp\/v2\/users\/2"}],"replies":[{"embeddable":true,"href":"https:\/\/nedir.az\/atalar-sozleri\/wp-json\/wp\/v2\/comments?post=6318"}],"version-history":[{"count":0,"href":"https:\/\/nedir.az\/atalar-sozleri\/wp-json\/wp\/v2\/posts\/6318\/revisions"}],"wp:attachment":[{"href":"https:\/\/nedir.az\/atalar-sozleri\/wp-json\/wp\/v2\/media?parent=6318"}],"wp:term":[{"taxonomy":"category","embeddable":true,"href":"https:\/\/nedir.az\/atalar-sozleri\/wp-json\/wp\/v2\/categories?post=6318"},{"taxonomy":"post_tag","embeddable":true,"href":"https:\/\/nedir.az\/atalar-sozleri\/wp-json\/wp\/v2\/tags?post=6318"}],"curies":[{"name":"wp","href":"https:\/\/api.w.org\/{rel}","templated":true}]}}