{"id":6317,"date":"2024-09-06T21:34:17","date_gmt":"2024-09-06T21:34:17","guid":{"rendered":""},"modified":"-0001-11-30T00:00:00","modified_gmt":"-0001-11-29T21:00:00","slug":"ele-arxalanan-igidin-arxasi-yere-deymez","status":"publish","type":"post","link":"https:\/\/nedir.az\/atalar-sozleri\/ele-arxalanan-igidin-arxasi-yere-deymez-atalar-sozunun-menasi-nedir","title":{"rendered":"El\u0259 Arxalanan \u0130gidin, Arxas\u0131 Yer\u0259 D\u0259ym\u0259z"},"content":{"rendered":"<p>&#8220;el\u0259 arxalanan igidin, arxas\u0131 yer\u0259 d\u0259ym\u0259z&#8221; atalar s\u00f6z\u00fc, insan\u0131n g\u00fcc\u00fcn\u00fc, irad\u0259sini v\u0259 dayan\u0131ql\u0131l\u0131\u011f\u0131n\u0131 ba\u015fqalar\u0131n\u0131n d\u0259st\u0259yi il\u0259 art\u0131rmas\u0131 fikrini ifad\u0259 edir. Bu s\u00f6z, bir insan\u0131n \u00f6z\u00fcn\u00fc g\u00fccl\u00fc hiss etm\u0259si \u00fc\u00e7\u00fcn ba\u015fqalar\u0131n\u0131n yard\u0131m\u0131na, d\u0259st\u0259yin\u0259 arxalanmas\u0131n\u0131n vacibliyini vur\u011fulay\u0131r. H\u0259m\u00e7inin, bu atalar s\u00f6z\u00fc, insan\u0131n yaln\u0131z \u00f6z g\u00fcc\u00fcn\u0259 deyil, eyni zamanda dostlar\u0131n\u0131n, ail\u0259sinin v\u0259 ya c\u0259miyy\u0259tin d\u0259st\u0259yin\u0259 g\u00fcv\u0259nm\u0259sinin \u0259h\u0259miyy\u0259tini g\u00f6st\u0259rir. Bel\u0259likl\u0259, insan\u0131n arxas\u0131nda dayanan bir d\u0259st\u0259k oldu\u011fu zaman, onun daha g\u00fccl\u00fc v\u0259 dayan\u0131ql\u0131 olaca\u011f\u0131na i\u015far\u0259 edir.<\/p>\n<p><b>Q\u0131sa M\u0259nas\u0131<\/b><br \/>Bu atalar s\u00f6z\u00fc, insan\u0131n g\u00fcc\u00fcn\u00fc ba\u015fqalar\u0131n\u0131n d\u0259st\u0259yi il\u0259 art\u0131rmas\u0131n\u0131n vacibliyini vur\u011fulay\u0131r.<\/p>\n","protected":false},"excerpt":{"rendered":"<p>&#8220;el\u0259 arxalanan igidin, arxas\u0131 yer\u0259 d\u0259ym\u0259z&#8221; atalar s\u00f6z\u00fc, insan\u0131n g\u00fcc\u00fcn\u00fc, irad\u0259sini v\u0259 dayan\u0131ql\u0131l\u0131\u011f\u0131n\u0131 ba\u015fqalar\u0131n\u0131n d\u0259st\u0259yi il\u0259 art\u0131rmas\u0131 fikrini ifad\u0259 edir. Bu s\u00f6z, bir insan\u0131n \u00f6z\u00fcn\u00fc g\u00fccl\u00fc hiss etm\u0259si \u00fc\u00e7\u00fcn ba\u015fqalar\u0131n\u0131n yard\u0131m\u0131na, d\u0259st\u0259yin\u0259 arxalanmas\u0131n\u0131n vacibliyini vur\u011fulay\u0131r. H\u0259m\u00e7inin, bu atalar s\u00f6z\u00fc, insan\u0131n yaln\u0131z \u00f6z g\u00fcc\u00fcn\u0259 deyil, eyni zamanda dostlar\u0131n\u0131n, ail\u0259sinin v\u0259 ya c\u0259miyy\u0259tin d\u0259st\u0259yin\u0259 g\u00fcv\u0259nm\u0259sinin \u0259h\u0259miyy\u0259tini g\u00f6st\u0259rir. &#8230; <a title=\"El\u0259 Arxalanan \u0130gidin, Arxas\u0131 Yer\u0259 D\u0259ym\u0259z\" class=\"read-more\" href=\"https:\/\/nedir.az\/atalar-sozleri\/ele-arxalanan-igidin-arxasi-yere-deymez-atalar-sozunun-menasi-nedir\" aria-label=\"Read more about El\u0259 Arxalanan \u0130gidin, Arxas\u0131 Yer\u0259 D\u0259ym\u0259z\">Read more<\/a><\/p>\n","protected":false},"author":2,"featured_media":0,"comment_status":"open","ping_status":"open","sticky":false,"template":"","format":"standard","meta":{"footnotes":""},"categories":[1],"tags":[],"class_list":["post-6317","post","type-post","status-publish","format-standard","hentry","category-atalar-sozleri-atalar-sozu"],"aioseo_notices":[],"_links":{"self":[{"href":"https:\/\/nedir.az\/atalar-sozleri\/wp-json\/wp\/v2\/posts\/6317","targetHints":{"allow":["GET"]}}],"collection":[{"href":"https:\/\/nedir.az\/atalar-sozleri\/wp-json\/wp\/v2\/posts"}],"about":[{"href":"https:\/\/nedir.az\/atalar-sozleri\/wp-json\/wp\/v2\/types\/post"}],"author":[{"embeddable":true,"href":"https:\/\/nedir.az\/atalar-sozleri\/wp-json\/wp\/v2\/users\/2"}],"replies":[{"embeddable":true,"href":"https:\/\/nedir.az\/atalar-sozleri\/wp-json\/wp\/v2\/comments?post=6317"}],"version-history":[{"count":0,"href":"https:\/\/nedir.az\/atalar-sozleri\/wp-json\/wp\/v2\/posts\/6317\/revisions"}],"wp:attachment":[{"href":"https:\/\/nedir.az\/atalar-sozleri\/wp-json\/wp\/v2\/media?parent=6317"}],"wp:term":[{"taxonomy":"category","embeddable":true,"href":"https:\/\/nedir.az\/atalar-sozleri\/wp-json\/wp\/v2\/categories?post=6317"},{"taxonomy":"post_tag","embeddable":true,"href":"https:\/\/nedir.az\/atalar-sozleri\/wp-json\/wp\/v2\/tags?post=6317"}],"curies":[{"name":"wp","href":"https:\/\/api.w.org\/{rel}","templated":true}]}}