{"id":6313,"date":"2024-09-06T21:34:17","date_gmt":"2024-09-06T21:34:17","guid":{"rendered":""},"modified":"-0001-11-30T00:00:00","modified_gmt":"-0001-11-29T21:00:00","slug":"elden-ayrilan-itkin-duser","status":"publish","type":"post","link":"https:\/\/nedir.az\/atalar-sozleri\/elden-ayrilan-itkin-duser-atalar-sozunun-menasi-nedir","title":{"rendered":"Eld\u0259n Ayr\u0131lan \u0130tkin D\u00fc\u015f\u0259r"},"content":{"rendered":"<p>&#8220;eld\u0259n ayr\u0131lan itkin d\u00fc\u015f\u0259r&#8221; atalar s\u00f6z\u00fcn\u00fcn m\u0259nas\u0131, bir insan\u0131n, bir \u015feyin ya da bir m\u00fcnasib\u0259tin itirilm\u0259si hal\u0131nda, onun geri qaytar\u0131lmas\u0131n\u0131n \u00e7\u0259tin oldu\u011funu ifad\u0259 edir. Bu atalar s\u00f6z\u00fc, insan\u0131n sevdikl\u0259ri, dostlar\u0131 ya da \u0259h\u0259miyy\u0259tli olan \u015feyl\u0259rd\u0259n ayr\u0131lmas\u0131n\u0131n, onlardan uzaqla\u015fmas\u0131n\u0131n, zamanla daha da \u00e7\u0259tinl\u0259\u015f\u0259c\u0259yini vur\u011fulay\u0131r. H\u0259m\u00e7inin, bu itkil\u0259rin b\u0259z\u0259n geri d\u00f6nm\u0259z oldu\u011funu da bildirir. <\/p>\n<p><b>Q\u0131sa M\u0259nas\u0131<\/b><br \/> \u0130tirilmi\u015f \u015feyl\u0259rin geri qaytar\u0131lmas\u0131n\u0131n \u00e7\u0259tinliyi.<\/p>\n","protected":false},"excerpt":{"rendered":"<p>&#8220;eld\u0259n ayr\u0131lan itkin d\u00fc\u015f\u0259r&#8221; atalar s\u00f6z\u00fcn\u00fcn m\u0259nas\u0131, bir insan\u0131n, bir \u015feyin ya da bir m\u00fcnasib\u0259tin itirilm\u0259si hal\u0131nda, onun geri qaytar\u0131lmas\u0131n\u0131n \u00e7\u0259tin oldu\u011funu ifad\u0259 edir. Bu atalar s\u00f6z\u00fc, insan\u0131n sevdikl\u0259ri, dostlar\u0131 ya da \u0259h\u0259miyy\u0259tli olan \u015feyl\u0259rd\u0259n ayr\u0131lmas\u0131n\u0131n, onlardan uzaqla\u015fmas\u0131n\u0131n, zamanla daha da \u00e7\u0259tinl\u0259\u015f\u0259c\u0259yini vur\u011fulay\u0131r. H\u0259m\u00e7inin, bu itkil\u0259rin b\u0259z\u0259n geri d\u00f6nm\u0259z oldu\u011funu da bildirir. Q\u0131sa M\u0259nas\u0131 \u0130tirilmi\u015f &#8230; <a title=\"Eld\u0259n Ayr\u0131lan \u0130tkin D\u00fc\u015f\u0259r\" class=\"read-more\" href=\"https:\/\/nedir.az\/atalar-sozleri\/elden-ayrilan-itkin-duser-atalar-sozunun-menasi-nedir\" aria-label=\"Read more about Eld\u0259n Ayr\u0131lan \u0130tkin D\u00fc\u015f\u0259r\">Read more<\/a><\/p>\n","protected":false},"author":2,"featured_media":0,"comment_status":"open","ping_status":"open","sticky":false,"template":"","format":"standard","meta":{"footnotes":""},"categories":[1],"tags":[],"class_list":["post-6313","post","type-post","status-publish","format-standard","hentry","category-atalar-sozleri-atalar-sozu"],"aioseo_notices":[],"_links":{"self":[{"href":"https:\/\/nedir.az\/atalar-sozleri\/wp-json\/wp\/v2\/posts\/6313","targetHints":{"allow":["GET"]}}],"collection":[{"href":"https:\/\/nedir.az\/atalar-sozleri\/wp-json\/wp\/v2\/posts"}],"about":[{"href":"https:\/\/nedir.az\/atalar-sozleri\/wp-json\/wp\/v2\/types\/post"}],"author":[{"embeddable":true,"href":"https:\/\/nedir.az\/atalar-sozleri\/wp-json\/wp\/v2\/users\/2"}],"replies":[{"embeddable":true,"href":"https:\/\/nedir.az\/atalar-sozleri\/wp-json\/wp\/v2\/comments?post=6313"}],"version-history":[{"count":0,"href":"https:\/\/nedir.az\/atalar-sozleri\/wp-json\/wp\/v2\/posts\/6313\/revisions"}],"wp:attachment":[{"href":"https:\/\/nedir.az\/atalar-sozleri\/wp-json\/wp\/v2\/media?parent=6313"}],"wp:term":[{"taxonomy":"category","embeddable":true,"href":"https:\/\/nedir.az\/atalar-sozleri\/wp-json\/wp\/v2\/categories?post=6313"},{"taxonomy":"post_tag","embeddable":true,"href":"https:\/\/nedir.az\/atalar-sozleri\/wp-json\/wp\/v2\/tags?post=6313"}],"curies":[{"name":"wp","href":"https:\/\/api.w.org\/{rel}","templated":true}]}}