{"id":6312,"date":"2024-09-06T21:34:17","date_gmt":"2024-09-06T21:34:17","guid":{"rendered":""},"modified":"-0001-11-30T00:00:00","modified_gmt":"-0001-11-29T21:00:00","slug":"elde-olan-beyde-olmaz","status":"publish","type":"post","link":"https:\/\/nedir.az\/atalar-sozleri\/elde-olan-beyde-olmaz-atalar-sozunun-menasi-nedir","title":{"rendered":"Eld\u0259 Olan B\u0259yd\u0259 Olmaz"},"content":{"rendered":"<p>&#8220;eld\u0259 olan b\u0259yd\u0259 olmaz&#8221; atalar s\u00f6z\u00fcn\u00fcn m\u0259nas\u0131, insan\u0131n \u0259lind\u0259 olan imkanlar\u0131n, resurslar\u0131n v\u0259 ya m\u00fclk\u00fcn d\u0259y\u0259rini vur\u011fulamaqd\u0131r. Bu s\u00f6z, b\u0259z\u0259n insan\u0131n \u0259lind\u0259 olan \u015feyl\u0259rin, ba\u015fqalar\u0131n\u0131n g\u00f6z\u00fcnd\u0259ki d\u0259y\u0259rd\u0259n daha qiym\u0259tli oldu\u011funu ifad\u0259 edir. Y\u0259ni, insan\u0131n \u00f6z\u00fcnd\u0259 olan, ona aid olan \u015feyl\u0259rin \u0259h\u0259miyy\u0259tini anlamas\u0131 v\u0259 qiym\u0259tl\u0259ndirm\u0259si laz\u0131m oldu\u011funu bildirir. Bu atalar s\u00f6z\u00fc, b\u0259z\u0259n ba\u015fqalar\u0131n\u0131n m\u00fclk\u00fcn\u0259, imkanlar\u0131na baxaraq, \u00f6z m\u00fclk\u00fcn\u00fc v\u0259 imkanlar\u0131n\u0131 ki\u00e7iltm\u0259m\u0259si g\u0259r\u0259kdiyini d\u0259 vur\u011fulay\u0131r.<\/p>\n<p><b>Q\u0131sa M\u0259nas\u0131<\/b><br \/>\u0130nsan\u0131n \u0259lind\u0259 olan imkanlar\u0131n d\u0259y\u0259rini vur\u011fulayan bir atalar s\u00f6z\u00fc.<\/p>\n","protected":false},"excerpt":{"rendered":"<p>&#8220;eld\u0259 olan b\u0259yd\u0259 olmaz&#8221; atalar s\u00f6z\u00fcn\u00fcn m\u0259nas\u0131, insan\u0131n \u0259lind\u0259 olan imkanlar\u0131n, resurslar\u0131n v\u0259 ya m\u00fclk\u00fcn d\u0259y\u0259rini vur\u011fulamaqd\u0131r. Bu s\u00f6z, b\u0259z\u0259n insan\u0131n \u0259lind\u0259 olan \u015feyl\u0259rin, ba\u015fqalar\u0131n\u0131n g\u00f6z\u00fcnd\u0259ki d\u0259y\u0259rd\u0259n daha qiym\u0259tli oldu\u011funu ifad\u0259 edir. Y\u0259ni, insan\u0131n \u00f6z\u00fcnd\u0259 olan, ona aid olan \u015feyl\u0259rin \u0259h\u0259miyy\u0259tini anlamas\u0131 v\u0259 qiym\u0259tl\u0259ndirm\u0259si laz\u0131m oldu\u011funu bildirir. Bu atalar s\u00f6z\u00fc, b\u0259z\u0259n ba\u015fqalar\u0131n\u0131n m\u00fclk\u00fcn\u0259, imkanlar\u0131na baxaraq, &#8230; <a title=\"Eld\u0259 Olan B\u0259yd\u0259 Olmaz\" class=\"read-more\" href=\"https:\/\/nedir.az\/atalar-sozleri\/elde-olan-beyde-olmaz-atalar-sozunun-menasi-nedir\" aria-label=\"Read more about Eld\u0259 Olan B\u0259yd\u0259 Olmaz\">Read more<\/a><\/p>\n","protected":false},"author":2,"featured_media":0,"comment_status":"open","ping_status":"open","sticky":false,"template":"","format":"standard","meta":{"footnotes":""},"categories":[1],"tags":[],"class_list":["post-6312","post","type-post","status-publish","format-standard","hentry","category-atalar-sozleri-atalar-sozu"],"aioseo_notices":[],"_links":{"self":[{"href":"https:\/\/nedir.az\/atalar-sozleri\/wp-json\/wp\/v2\/posts\/6312","targetHints":{"allow":["GET"]}}],"collection":[{"href":"https:\/\/nedir.az\/atalar-sozleri\/wp-json\/wp\/v2\/posts"}],"about":[{"href":"https:\/\/nedir.az\/atalar-sozleri\/wp-json\/wp\/v2\/types\/post"}],"author":[{"embeddable":true,"href":"https:\/\/nedir.az\/atalar-sozleri\/wp-json\/wp\/v2\/users\/2"}],"replies":[{"embeddable":true,"href":"https:\/\/nedir.az\/atalar-sozleri\/wp-json\/wp\/v2\/comments?post=6312"}],"version-history":[{"count":0,"href":"https:\/\/nedir.az\/atalar-sozleri\/wp-json\/wp\/v2\/posts\/6312\/revisions"}],"wp:attachment":[{"href":"https:\/\/nedir.az\/atalar-sozleri\/wp-json\/wp\/v2\/media?parent=6312"}],"wp:term":[{"taxonomy":"category","embeddable":true,"href":"https:\/\/nedir.az\/atalar-sozleri\/wp-json\/wp\/v2\/categories?post=6312"},{"taxonomy":"post_tag","embeddable":true,"href":"https:\/\/nedir.az\/atalar-sozleri\/wp-json\/wp\/v2\/tags?post=6312"}],"curies":[{"name":"wp","href":"https:\/\/api.w.org\/{rel}","templated":true}]}}