{"id":6311,"date":"2024-09-06T21:34:17","date_gmt":"2024-09-06T21:34:17","guid":{"rendered":""},"modified":"-0001-11-30T00:00:00","modified_gmt":"-0001-11-29T21:00:00","slug":"elde-xeber-cox-olar","status":"publish","type":"post","link":"https:\/\/nedir.az\/atalar-sozleri\/elde-xeber-cox-olar-atalar-sozunun-menasi-nedir","title":{"rendered":"Eld\u0259 X\u0259b\u0259r \u00c7ox Olar"},"content":{"rendered":"<p>&#8220;eld\u0259 x\u0259b\u0259r \u00e7ox olar&#8221; atalar s\u00f6z\u00fcn\u00fcn m\u0259nas\u0131, insanlar\u0131n bir-birin\u0259 x\u0259b\u0259r verm\u0259k, m\u0259lumat payla\u015fmaq v\u0259 bir-birinin i\u015fl\u0259rin\u0259 qar\u0131\u015fmaq meylini ifad\u0259 edir. Bu s\u00f6z, insanlar\u0131n bir arada olduqda daha \u00e7ox m\u0259lumat \u0259ld\u0259 etdikl\u0259rini, bir-birinin i\u015fl\u0259rini daha yax\u0131ndan izl\u0259dikl\u0259rini v\u0259 bu yolla daha \u00e7ox x\u0259b\u0259r sahibi olduqlar\u0131n\u0131 vur\u011fulay\u0131r. Eyni zamanda, bu atalar s\u00f6z\u00fc, c\u0259miyy\u0259tin birliyinin v\u0259 qar\u015f\u0131l\u0131ql\u0131 \u0259laq\u0259l\u0259rinin \u0259h\u0259miyy\u0259tini d\u0259 g\u00f6st\u0259rir.<\/p>\n<p><b>Q\u0131sa M\u0259nas\u0131<\/b><br \/>Bu atalar s\u00f6z\u00fc, insanlar\u0131n bir arada olduqda daha \u00e7ox m\u0259lumat \u0259ld\u0259 etdikl\u0259rini v\u0259 bir-birinin i\u015fl\u0259rin\u0259 daha yax\u0131ndan baxd\u0131qlar\u0131n\u0131 ifad\u0259 edir.<\/p>\n","protected":false},"excerpt":{"rendered":"<p>&#8220;eld\u0259 x\u0259b\u0259r \u00e7ox olar&#8221; atalar s\u00f6z\u00fcn\u00fcn m\u0259nas\u0131, insanlar\u0131n bir-birin\u0259 x\u0259b\u0259r verm\u0259k, m\u0259lumat payla\u015fmaq v\u0259 bir-birinin i\u015fl\u0259rin\u0259 qar\u0131\u015fmaq meylini ifad\u0259 edir. Bu s\u00f6z, insanlar\u0131n bir arada olduqda daha \u00e7ox m\u0259lumat \u0259ld\u0259 etdikl\u0259rini, bir-birinin i\u015fl\u0259rini daha yax\u0131ndan izl\u0259dikl\u0259rini v\u0259 bu yolla daha \u00e7ox x\u0259b\u0259r sahibi olduqlar\u0131n\u0131 vur\u011fulay\u0131r. Eyni zamanda, bu atalar s\u00f6z\u00fc, c\u0259miyy\u0259tin birliyinin v\u0259 qar\u015f\u0131l\u0131ql\u0131 \u0259laq\u0259l\u0259rinin &#8230; <a title=\"Eld\u0259 X\u0259b\u0259r \u00c7ox Olar\" class=\"read-more\" href=\"https:\/\/nedir.az\/atalar-sozleri\/elde-xeber-cox-olar-atalar-sozunun-menasi-nedir\" aria-label=\"Read more about Eld\u0259 X\u0259b\u0259r \u00c7ox Olar\">Read more<\/a><\/p>\n","protected":false},"author":2,"featured_media":0,"comment_status":"open","ping_status":"open","sticky":false,"template":"","format":"standard","meta":{"footnotes":""},"categories":[1],"tags":[],"class_list":["post-6311","post","type-post","status-publish","format-standard","hentry","category-atalar-sozleri-atalar-sozu"],"aioseo_notices":[],"_links":{"self":[{"href":"https:\/\/nedir.az\/atalar-sozleri\/wp-json\/wp\/v2\/posts\/6311","targetHints":{"allow":["GET"]}}],"collection":[{"href":"https:\/\/nedir.az\/atalar-sozleri\/wp-json\/wp\/v2\/posts"}],"about":[{"href":"https:\/\/nedir.az\/atalar-sozleri\/wp-json\/wp\/v2\/types\/post"}],"author":[{"embeddable":true,"href":"https:\/\/nedir.az\/atalar-sozleri\/wp-json\/wp\/v2\/users\/2"}],"replies":[{"embeddable":true,"href":"https:\/\/nedir.az\/atalar-sozleri\/wp-json\/wp\/v2\/comments?post=6311"}],"version-history":[{"count":0,"href":"https:\/\/nedir.az\/atalar-sozleri\/wp-json\/wp\/v2\/posts\/6311\/revisions"}],"wp:attachment":[{"href":"https:\/\/nedir.az\/atalar-sozleri\/wp-json\/wp\/v2\/media?parent=6311"}],"wp:term":[{"taxonomy":"category","embeddable":true,"href":"https:\/\/nedir.az\/atalar-sozleri\/wp-json\/wp\/v2\/categories?post=6311"},{"taxonomy":"post_tag","embeddable":true,"href":"https:\/\/nedir.az\/atalar-sozleri\/wp-json\/wp\/v2\/tags?post=6311"}],"curies":[{"name":"wp","href":"https:\/\/api.w.org\/{rel}","templated":true}]}}