{"id":6298,"date":"2024-09-06T21:34:17","date_gmt":"2024-09-06T21:34:17","guid":{"rendered":""},"modified":"-0001-11-30T00:00:00","modified_gmt":"-0001-11-29T21:00:00","slug":"el-tikeni-yel-yixa-bilmez","status":"publish","type":"post","link":"https:\/\/nedir.az\/atalar-sozleri\/el-tikeni-yel-yixa-bilmez-atalar-sozunun-menasi-nedir","title":{"rendered":"El Tik\u0259ni Yel Y\u0131xa Bilm\u0259z"},"content":{"rendered":"<p>&#8220;el tik\u0259ni yel y\u0131xa bilm\u0259z&#8221; atalar s\u00f6z\u00fcn\u00fcn m\u0259nas\u0131, bir insan\u0131n v\u0259 ya bir c\u0259miyy\u0259tin \u00f6z g\u00fcc\u00fcn\u00fc, irad\u0259sini v\u0259 \u0259zmini itirm\u0259d\u0259n, \u00e7\u0259tinlikl\u0259r\u0259 qar\u015f\u0131 m\u00fcbariz\u0259 aparma qabiliyy\u0259tini vur\u011fulay\u0131r. Bu s\u00f6z, insanlar\u0131n bir araya g\u0259l\u0259r\u0259k, birlikd\u0259 \u00e7al\u0131\u015fd\u0131qda, he\u00e7 bir \u00e7\u0259tinliyin onlar\u0131 sars\u0131da bilm\u0259y\u0259c\u0259yini ifad\u0259 edir. Y\u0259ni, bir c\u0259miyy\u0259tin g\u00fcc\u00fc, onun birliyind\u0259 v\u0259 birg\u0259 f\u0259aliyy\u0259tind\u0259dir. Bu atalar s\u00f6z\u00fc, h\u0259m d\u0259 insanlar\u0131n \u00f6z i\u015fl\u0259rin\u0259, layih\u0259l\u0259rin\u0259 v\u0259 m\u0259qs\u0259dl\u0259rin\u0259 sadiq qalmas\u0131n\u0131n vacibliyini \u00f6n\u0259 \u00e7\u0259kir.<\/p>\n<p><b>Q\u0131sa M\u0259nas\u0131<\/b><br \/>Birlikd\u0259 \u00e7al\u0131\u015fman\u0131n v\u0259 irad\u0259nin g\u00fcc\u00fc, \u00e7\u0259tinlikl\u0259r\u0259 qar\u015f\u0131 dayanma qabiliyy\u0259ti.<\/p>\n","protected":false},"excerpt":{"rendered":"<p>&#8220;el tik\u0259ni yel y\u0131xa bilm\u0259z&#8221; atalar s\u00f6z\u00fcn\u00fcn m\u0259nas\u0131, bir insan\u0131n v\u0259 ya bir c\u0259miyy\u0259tin \u00f6z g\u00fcc\u00fcn\u00fc, irad\u0259sini v\u0259 \u0259zmini itirm\u0259d\u0259n, \u00e7\u0259tinlikl\u0259r\u0259 qar\u015f\u0131 m\u00fcbariz\u0259 aparma qabiliyy\u0259tini vur\u011fulay\u0131r. Bu s\u00f6z, insanlar\u0131n bir araya g\u0259l\u0259r\u0259k, birlikd\u0259 \u00e7al\u0131\u015fd\u0131qda, he\u00e7 bir \u00e7\u0259tinliyin onlar\u0131 sars\u0131da bilm\u0259y\u0259c\u0259yini ifad\u0259 edir. Y\u0259ni, bir c\u0259miyy\u0259tin g\u00fcc\u00fc, onun birliyind\u0259 v\u0259 birg\u0259 f\u0259aliyy\u0259tind\u0259dir. Bu atalar s\u00f6z\u00fc, h\u0259m &#8230; <a title=\"El Tik\u0259ni Yel Y\u0131xa Bilm\u0259z\" class=\"read-more\" href=\"https:\/\/nedir.az\/atalar-sozleri\/el-tikeni-yel-yixa-bilmez-atalar-sozunun-menasi-nedir\" aria-label=\"Read more about El Tik\u0259ni Yel Y\u0131xa Bilm\u0259z\">Read more<\/a><\/p>\n","protected":false},"author":2,"featured_media":0,"comment_status":"open","ping_status":"open","sticky":false,"template":"","format":"standard","meta":{"footnotes":""},"categories":[1],"tags":[],"class_list":["post-6298","post","type-post","status-publish","format-standard","hentry","category-atalar-sozleri-atalar-sozu"],"aioseo_notices":[],"_links":{"self":[{"href":"https:\/\/nedir.az\/atalar-sozleri\/wp-json\/wp\/v2\/posts\/6298","targetHints":{"allow":["GET"]}}],"collection":[{"href":"https:\/\/nedir.az\/atalar-sozleri\/wp-json\/wp\/v2\/posts"}],"about":[{"href":"https:\/\/nedir.az\/atalar-sozleri\/wp-json\/wp\/v2\/types\/post"}],"author":[{"embeddable":true,"href":"https:\/\/nedir.az\/atalar-sozleri\/wp-json\/wp\/v2\/users\/2"}],"replies":[{"embeddable":true,"href":"https:\/\/nedir.az\/atalar-sozleri\/wp-json\/wp\/v2\/comments?post=6298"}],"version-history":[{"count":0,"href":"https:\/\/nedir.az\/atalar-sozleri\/wp-json\/wp\/v2\/posts\/6298\/revisions"}],"wp:attachment":[{"href":"https:\/\/nedir.az\/atalar-sozleri\/wp-json\/wp\/v2\/media?parent=6298"}],"wp:term":[{"taxonomy":"category","embeddable":true,"href":"https:\/\/nedir.az\/atalar-sozleri\/wp-json\/wp\/v2\/categories?post=6298"},{"taxonomy":"post_tag","embeddable":true,"href":"https:\/\/nedir.az\/atalar-sozleri\/wp-json\/wp\/v2\/tags?post=6298"}],"curies":[{"name":"wp","href":"https:\/\/api.w.org\/{rel}","templated":true}]}}