{"id":6296,"date":"2024-09-06T21:34:17","date_gmt":"2024-09-06T21:34:17","guid":{"rendered":""},"modified":"-0001-11-30T00:00:00","modified_gmt":"-0001-11-29T21:00:00","slug":"el-sami-daim-yanar","status":"publish","type":"post","link":"https:\/\/nedir.az\/atalar-sozleri\/el-sami-daim-yanar-atalar-sozunun-menasi-nedir","title":{"rendered":"El \u015eam\u0131 Daim Yanar"},"content":{"rendered":"<p>&#8220;el \u015fam\u0131 daim yanar&#8221; atalar s\u00f6z\u00fcn\u00fcn m\u0259nas\u0131, bir insan\u0131n, x\u00fcsusil\u0259 d\u0259 bir ail\u0259nin v\u0259 ya toplumun, \u00f6z d\u0259y\u0259rl\u0259rini, m\u0259d\u0259niyy\u0259tini v\u0259 \u0259n\u0259n\u0259l\u0259rini qorumaq v\u0259 ya\u015fatmaq \u00fc\u00e7\u00fcn g\u00f6st\u0259rdiyi s\u0259yl\u0259ri ifad\u0259 edir. Bu atalar s\u00f6z\u00fc, insanlar\u0131n bir-birin\u0259 d\u0259st\u0259k olmas\u0131n\u0131n, birlikd\u0259 olmas\u0131n\u0131n v\u0259 birg\u0259 \u00e7al\u0131\u015fmas\u0131n\u0131n \u0259h\u0259miyy\u0259tini vur\u011fulay\u0131r. El \u015fam\u0131, bir c\u0259miyy\u0259tin v\u0259 ya ail\u0259nin i\u015f\u0131ql\u0131 g\u0259l\u0259c\u0259yini simvoliz\u0259 edir; bu i\u015f\u0131q, insanlar\u0131n bir-birin\u0259 olan ba\u011fl\u0131l\u0131\u011f\u0131 v\u0259 sevgisi il\u0259 daim yanar.<\/p>\n<p><b>Q\u0131sa M\u0259nas\u0131<\/b><br \/>Bu atalar s\u00f6z\u00fc, birlik, d\u0259st\u0259k v\u0259 m\u0259d\u0259niyy\u0259tin qorunmas\u0131n\u0131n \u0259h\u0259miyy\u0259tini ifad\u0259 edir.<\/p>\n","protected":false},"excerpt":{"rendered":"<p>&#8220;el \u015fam\u0131 daim yanar&#8221; atalar s\u00f6z\u00fcn\u00fcn m\u0259nas\u0131, bir insan\u0131n, x\u00fcsusil\u0259 d\u0259 bir ail\u0259nin v\u0259 ya toplumun, \u00f6z d\u0259y\u0259rl\u0259rini, m\u0259d\u0259niyy\u0259tini v\u0259 \u0259n\u0259n\u0259l\u0259rini qorumaq v\u0259 ya\u015fatmaq \u00fc\u00e7\u00fcn g\u00f6st\u0259rdiyi s\u0259yl\u0259ri ifad\u0259 edir. Bu atalar s\u00f6z\u00fc, insanlar\u0131n bir-birin\u0259 d\u0259st\u0259k olmas\u0131n\u0131n, birlikd\u0259 olmas\u0131n\u0131n v\u0259 birg\u0259 \u00e7al\u0131\u015fmas\u0131n\u0131n \u0259h\u0259miyy\u0259tini vur\u011fulay\u0131r. El \u015fam\u0131, bir c\u0259miyy\u0259tin v\u0259 ya ail\u0259nin i\u015f\u0131ql\u0131 g\u0259l\u0259c\u0259yini simvoliz\u0259 edir; bu &#8230; <a title=\"El \u015eam\u0131 Daim Yanar\" class=\"read-more\" href=\"https:\/\/nedir.az\/atalar-sozleri\/el-sami-daim-yanar-atalar-sozunun-menasi-nedir\" aria-label=\"Read more about El \u015eam\u0131 Daim Yanar\">Read more<\/a><\/p>\n","protected":false},"author":2,"featured_media":0,"comment_status":"open","ping_status":"open","sticky":false,"template":"","format":"standard","meta":{"footnotes":""},"categories":[1],"tags":[],"class_list":["post-6296","post","type-post","status-publish","format-standard","hentry","category-atalar-sozleri-atalar-sozu"],"aioseo_notices":[],"_links":{"self":[{"href":"https:\/\/nedir.az\/atalar-sozleri\/wp-json\/wp\/v2\/posts\/6296","targetHints":{"allow":["GET"]}}],"collection":[{"href":"https:\/\/nedir.az\/atalar-sozleri\/wp-json\/wp\/v2\/posts"}],"about":[{"href":"https:\/\/nedir.az\/atalar-sozleri\/wp-json\/wp\/v2\/types\/post"}],"author":[{"embeddable":true,"href":"https:\/\/nedir.az\/atalar-sozleri\/wp-json\/wp\/v2\/users\/2"}],"replies":[{"embeddable":true,"href":"https:\/\/nedir.az\/atalar-sozleri\/wp-json\/wp\/v2\/comments?post=6296"}],"version-history":[{"count":0,"href":"https:\/\/nedir.az\/atalar-sozleri\/wp-json\/wp\/v2\/posts\/6296\/revisions"}],"wp:attachment":[{"href":"https:\/\/nedir.az\/atalar-sozleri\/wp-json\/wp\/v2\/media?parent=6296"}],"wp:term":[{"taxonomy":"category","embeddable":true,"href":"https:\/\/nedir.az\/atalar-sozleri\/wp-json\/wp\/v2\/categories?post=6296"},{"taxonomy":"post_tag","embeddable":true,"href":"https:\/\/nedir.az\/atalar-sozleri\/wp-json\/wp\/v2\/tags?post=6296"}],"curies":[{"name":"wp","href":"https:\/\/api.w.org\/{rel}","templated":true}]}}