{"id":6290,"date":"2024-09-06T21:34:17","date_gmt":"2024-09-06T21:34:17","guid":{"rendered":""},"modified":"-0001-11-30T00:00:00","modified_gmt":"-0001-11-29T21:00:00","slug":"el-seveni-alem-sever","status":"publish","type":"post","link":"https:\/\/nedir.az\/atalar-sozleri\/el-seveni-alem-sever-atalar-sozunun-menasi-nedir","title":{"rendered":"El Sev\u0259ni Al\u0259m Sev\u0259r"},"content":{"rendered":"<p>&#8220;el sev\u0259ni al\u0259m sev\u0259r&#8221; atalar s\u00f6z\u00fcn\u00fcn m\u0259nas\u0131, insan\u0131n \u00f6z xalq\u0131n\u0131, m\u0259d\u0259niyy\u0259tini v\u0259 k\u00f6kl\u0259rini sevm\u0259sinin, bu sevginin ona geni\u015f bir d\u00fcnya a\u00e7aca\u011f\u0131na i\u015far\u0259 edir. Bu s\u00f6z, insan\u0131n \u00f6z c\u0259miyy\u0259tin\u0259, ail\u0259sin\u0259 v\u0259 k\u00f6kl\u0259rin\u0259 ba\u011fl\u0131l\u0131\u011f\u0131n\u0131n, onun h\u0259yat\u0131nda m\u00fcsb\u0259t t\u0259sir yarada bil\u0259c\u0259yini vur\u011fulay\u0131r. Y\u0259ni, bir insan \u00f6z elini, yurdunu sevdikd\u0259, bu sevgi ona daha geni\u015f perspektivl\u0259r, dostluqlar v\u0259 imkanlar g\u0259tirir. <\/p>\n<p><b>Q\u0131sa M\u0259nas\u0131<\/b> <br \/> \u00d6z xalq\u0131n\u0131 sev\u0259n insan, daha geni\u015f bir d\u00fcnyaya a\u00e7\u0131l\u0131r v\u0259 bu sevgi ona m\u00fcsb\u0259t t\u0259sir edir.<\/p>\n","protected":false},"excerpt":{"rendered":"<p>&#8220;el sev\u0259ni al\u0259m sev\u0259r&#8221; atalar s\u00f6z\u00fcn\u00fcn m\u0259nas\u0131, insan\u0131n \u00f6z xalq\u0131n\u0131, m\u0259d\u0259niyy\u0259tini v\u0259 k\u00f6kl\u0259rini sevm\u0259sinin, bu sevginin ona geni\u015f bir d\u00fcnya a\u00e7aca\u011f\u0131na i\u015far\u0259 edir. Bu s\u00f6z, insan\u0131n \u00f6z c\u0259miyy\u0259tin\u0259, ail\u0259sin\u0259 v\u0259 k\u00f6kl\u0259rin\u0259 ba\u011fl\u0131l\u0131\u011f\u0131n\u0131n, onun h\u0259yat\u0131nda m\u00fcsb\u0259t t\u0259sir yarada bil\u0259c\u0259yini vur\u011fulay\u0131r. Y\u0259ni, bir insan \u00f6z elini, yurdunu sevdikd\u0259, bu sevgi ona daha geni\u015f perspektivl\u0259r, dostluqlar v\u0259 imkanlar &#8230; <a title=\"El Sev\u0259ni Al\u0259m Sev\u0259r\" class=\"read-more\" href=\"https:\/\/nedir.az\/atalar-sozleri\/el-seveni-alem-sever-atalar-sozunun-menasi-nedir\" aria-label=\"Read more about El Sev\u0259ni Al\u0259m Sev\u0259r\">Read more<\/a><\/p>\n","protected":false},"author":2,"featured_media":0,"comment_status":"open","ping_status":"open","sticky":false,"template":"","format":"standard","meta":{"footnotes":""},"categories":[1],"tags":[],"class_list":["post-6290","post","type-post","status-publish","format-standard","hentry","category-atalar-sozleri-atalar-sozu"],"aioseo_notices":[],"_links":{"self":[{"href":"https:\/\/nedir.az\/atalar-sozleri\/wp-json\/wp\/v2\/posts\/6290","targetHints":{"allow":["GET"]}}],"collection":[{"href":"https:\/\/nedir.az\/atalar-sozleri\/wp-json\/wp\/v2\/posts"}],"about":[{"href":"https:\/\/nedir.az\/atalar-sozleri\/wp-json\/wp\/v2\/types\/post"}],"author":[{"embeddable":true,"href":"https:\/\/nedir.az\/atalar-sozleri\/wp-json\/wp\/v2\/users\/2"}],"replies":[{"embeddable":true,"href":"https:\/\/nedir.az\/atalar-sozleri\/wp-json\/wp\/v2\/comments?post=6290"}],"version-history":[{"count":0,"href":"https:\/\/nedir.az\/atalar-sozleri\/wp-json\/wp\/v2\/posts\/6290\/revisions"}],"wp:attachment":[{"href":"https:\/\/nedir.az\/atalar-sozleri\/wp-json\/wp\/v2\/media?parent=6290"}],"wp:term":[{"taxonomy":"category","embeddable":true,"href":"https:\/\/nedir.az\/atalar-sozleri\/wp-json\/wp\/v2\/categories?post=6290"},{"taxonomy":"post_tag","embeddable":true,"href":"https:\/\/nedir.az\/atalar-sozleri\/wp-json\/wp\/v2\/tags?post=6290"}],"curies":[{"name":"wp","href":"https:\/\/api.w.org\/{rel}","templated":true}]}}