{"id":6284,"date":"2024-09-06T21:34:17","date_gmt":"2024-09-06T21:34:17","guid":{"rendered":""},"modified":"-0001-11-30T00:00:00","modified_gmt":"-0001-11-29T21:00:00","slug":"el-negmesini-elden-oyrenerler","status":"publish","type":"post","link":"https:\/\/nedir.az\/atalar-sozleri\/el-negmesini-elden-oyrenerler-atalar-sozunun-menasi-nedir","title":{"rendered":"El N\u0259\u011fm\u0259sini Eld\u0259n \u00d6yr\u0259n\u0259rl\u0259r"},"content":{"rendered":"<p>&#8220;el n\u0259\u011fm\u0259sini eld\u0259n \u00f6yr\u0259n\u0259rl\u0259r&#8221; atalar s\u00f6z\u00fcn\u00fcn m\u0259nas\u0131, bir insan\u0131n v\u0259 ya c\u0259miyy\u0259tin \u00f6z m\u0259d\u0259niyy\u0259tini, ad\u0259t-\u0259n\u0259n\u0259l\u0259rini, bilikl\u0259rini v\u0259 bacar\u0131qlar\u0131n\u0131 ba\u015fqalar\u0131ndan \u00f6yr\u0259n\u0259r\u0259k inki\u015faf etdiyini ifad\u0259 edir. Bu s\u00f6z, insanlar\u0131n bir-birind\u0259n \u00f6yr\u0259nm\u0259sinin, t\u0259cr\u00fcb\u0259 m\u00fcbadil\u0259sinin v\u0259 sosial \u0259laq\u0259l\u0259rin \u0259h\u0259miyy\u0259tini vur\u011fulay\u0131r. H\u0259m\u00e7inin, bu atalar s\u00f6z\u00fc, bilikl\u0259rin v\u0259 m\u0259d\u0259niyy\u0259tin n\u0259sild\u0259n-n\u0259sl\u0259 ke\u00e7diyini, c\u0259miyy\u0259tin birg\u0259 \u0259m\u0259kda\u015fl\u0131\u011f\u0131 il\u0259 formala\u015fd\u0131\u011f\u0131n\u0131 g\u00f6st\u0259rir.<\/p>\n<p><b>Q\u0131sa M\u0259nas\u0131<\/b><br \/> \u0130nsanlar\u0131n bilik v\u0259 m\u0259d\u0259niyy\u0259tl\u0259rini ba\u015fqalar\u0131ndan \u00f6yr\u0259nm\u0259si, c\u0259miyy\u0259tin inki\u015faf\u0131nda \u0259h\u0259miyy\u0259tlidir.<\/p>\n","protected":false},"excerpt":{"rendered":"<p>&#8220;el n\u0259\u011fm\u0259sini eld\u0259n \u00f6yr\u0259n\u0259rl\u0259r&#8221; atalar s\u00f6z\u00fcn\u00fcn m\u0259nas\u0131, bir insan\u0131n v\u0259 ya c\u0259miyy\u0259tin \u00f6z m\u0259d\u0259niyy\u0259tini, ad\u0259t-\u0259n\u0259n\u0259l\u0259rini, bilikl\u0259rini v\u0259 bacar\u0131qlar\u0131n\u0131 ba\u015fqalar\u0131ndan \u00f6yr\u0259n\u0259r\u0259k inki\u015faf etdiyini ifad\u0259 edir. Bu s\u00f6z, insanlar\u0131n bir-birind\u0259n \u00f6yr\u0259nm\u0259sinin, t\u0259cr\u00fcb\u0259 m\u00fcbadil\u0259sinin v\u0259 sosial \u0259laq\u0259l\u0259rin \u0259h\u0259miyy\u0259tini vur\u011fulay\u0131r. H\u0259m\u00e7inin, bu atalar s\u00f6z\u00fc, bilikl\u0259rin v\u0259 m\u0259d\u0259niyy\u0259tin n\u0259sild\u0259n-n\u0259sl\u0259 ke\u00e7diyini, c\u0259miyy\u0259tin birg\u0259 \u0259m\u0259kda\u015fl\u0131\u011f\u0131 il\u0259 formala\u015fd\u0131\u011f\u0131n\u0131 g\u00f6st\u0259rir. Q\u0131sa M\u0259nas\u0131 \u0130nsanlar\u0131n bilik &#8230; <a title=\"El N\u0259\u011fm\u0259sini Eld\u0259n \u00d6yr\u0259n\u0259rl\u0259r\" class=\"read-more\" href=\"https:\/\/nedir.az\/atalar-sozleri\/el-negmesini-elden-oyrenerler-atalar-sozunun-menasi-nedir\" aria-label=\"Read more about El N\u0259\u011fm\u0259sini Eld\u0259n \u00d6yr\u0259n\u0259rl\u0259r\">Read more<\/a><\/p>\n","protected":false},"author":2,"featured_media":0,"comment_status":"open","ping_status":"open","sticky":false,"template":"","format":"standard","meta":{"footnotes":""},"categories":[1],"tags":[],"class_list":["post-6284","post","type-post","status-publish","format-standard","hentry","category-atalar-sozleri-atalar-sozu"],"aioseo_notices":[],"_links":{"self":[{"href":"https:\/\/nedir.az\/atalar-sozleri\/wp-json\/wp\/v2\/posts\/6284","targetHints":{"allow":["GET"]}}],"collection":[{"href":"https:\/\/nedir.az\/atalar-sozleri\/wp-json\/wp\/v2\/posts"}],"about":[{"href":"https:\/\/nedir.az\/atalar-sozleri\/wp-json\/wp\/v2\/types\/post"}],"author":[{"embeddable":true,"href":"https:\/\/nedir.az\/atalar-sozleri\/wp-json\/wp\/v2\/users\/2"}],"replies":[{"embeddable":true,"href":"https:\/\/nedir.az\/atalar-sozleri\/wp-json\/wp\/v2\/comments?post=6284"}],"version-history":[{"count":0,"href":"https:\/\/nedir.az\/atalar-sozleri\/wp-json\/wp\/v2\/posts\/6284\/revisions"}],"wp:attachment":[{"href":"https:\/\/nedir.az\/atalar-sozleri\/wp-json\/wp\/v2\/media?parent=6284"}],"wp:term":[{"taxonomy":"category","embeddable":true,"href":"https:\/\/nedir.az\/atalar-sozleri\/wp-json\/wp\/v2\/categories?post=6284"},{"taxonomy":"post_tag","embeddable":true,"href":"https:\/\/nedir.az\/atalar-sozleri\/wp-json\/wp\/v2\/tags?post=6284"}],"curies":[{"name":"wp","href":"https:\/\/api.w.org\/{rel}","templated":true}]}}