{"id":6283,"date":"2024-09-06T21:34:17","date_gmt":"2024-09-06T21:34:17","guid":{"rendered":""},"modified":"-0001-11-30T00:00:00","modified_gmt":"-0001-11-29T21:00:00","slug":"el-namusu-ele-duser","status":"publish","type":"post","link":"https:\/\/nedir.az\/atalar-sozleri\/el-namusu-ele-duser-atalar-sozunun-menasi-nedir","title":{"rendered":"El Namusu El\u0259 D\u00fc\u015f\u0259r"},"content":{"rendered":"<p>&#8220;el namusu el\u0259 d\u00fc\u015f\u0259r&#8221; atalar s\u00f6z\u00fc, bir insan\u0131n v\u0259 ya bir toplumun \u015f\u0259r\u0259fini, ad\u0131n\u0131, l\u0259yaq\u0259tini qorumaq v\u0259 bu d\u0259y\u0259rl\u0259ri \u00f6n planda tutma\u011f\u0131 vur\u011fulay\u0131r. Bu s\u00f6z, insanlar\u0131n bir-birin\u0259 olan m\u00fcnasib\u0259tl\u0259rind\u0259, c\u0259miyy\u0259tin d\u0259y\u0259rl\u0259rind\u0259 v\u0259 \u0259n\u0259n\u0259l\u0259rind\u0259 namusun n\u0259 q\u0259d\u0259r \u00f6n\u0259mli oldu\u011funu ifad\u0259 edir. Elin, y\u0259ni bir toplumun, \u00f6z namusunu qorumaq \u00fc\u00e7\u00fcn bir araya g\u0259lm\u0259si, birlikd\u0259 h\u0259r\u0259k\u0259t etm\u0259si g\u0259r\u0259kdiyini bildirir. Bu atalar s\u00f6z\u00fc, h\u0259m d\u0259 c\u0259miyy\u0259tin birliyinin v\u0259 qar\u015f\u0131l\u0131ql\u0131 d\u0259st\u0259yin \u0259h\u0259miyy\u0259tini \u00f6n\u0259 \u00e7\u0131xar\u0131r.<\/p>\n<p><b>Q\u0131sa M\u0259nas\u0131<\/b><br \/>Bu atalar s\u00f6z\u00fc, c\u0259miyy\u0259tin namusunu qoruma\u011f\u0131n v\u0259 birlikd\u0259 olma\u011f\u0131n vacibliyini ifad\u0259 edir.<\/p>\n","protected":false},"excerpt":{"rendered":"<p>&#8220;el namusu el\u0259 d\u00fc\u015f\u0259r&#8221; atalar s\u00f6z\u00fc, bir insan\u0131n v\u0259 ya bir toplumun \u015f\u0259r\u0259fini, ad\u0131n\u0131, l\u0259yaq\u0259tini qorumaq v\u0259 bu d\u0259y\u0259rl\u0259ri \u00f6n planda tutma\u011f\u0131 vur\u011fulay\u0131r. Bu s\u00f6z, insanlar\u0131n bir-birin\u0259 olan m\u00fcnasib\u0259tl\u0259rind\u0259, c\u0259miyy\u0259tin d\u0259y\u0259rl\u0259rind\u0259 v\u0259 \u0259n\u0259n\u0259l\u0259rind\u0259 namusun n\u0259 q\u0259d\u0259r \u00f6n\u0259mli oldu\u011funu ifad\u0259 edir. Elin, y\u0259ni bir toplumun, \u00f6z namusunu qorumaq \u00fc\u00e7\u00fcn bir araya g\u0259lm\u0259si, birlikd\u0259 h\u0259r\u0259k\u0259t etm\u0259si g\u0259r\u0259kdiyini &#8230; <a title=\"El Namusu El\u0259 D\u00fc\u015f\u0259r\" class=\"read-more\" href=\"https:\/\/nedir.az\/atalar-sozleri\/el-namusu-ele-duser-atalar-sozunun-menasi-nedir\" aria-label=\"Read more about El Namusu El\u0259 D\u00fc\u015f\u0259r\">Read more<\/a><\/p>\n","protected":false},"author":2,"featured_media":0,"comment_status":"open","ping_status":"open","sticky":false,"template":"","format":"standard","meta":{"footnotes":""},"categories":[1],"tags":[],"class_list":["post-6283","post","type-post","status-publish","format-standard","hentry","category-atalar-sozleri-atalar-sozu"],"aioseo_notices":[],"_links":{"self":[{"href":"https:\/\/nedir.az\/atalar-sozleri\/wp-json\/wp\/v2\/posts\/6283","targetHints":{"allow":["GET"]}}],"collection":[{"href":"https:\/\/nedir.az\/atalar-sozleri\/wp-json\/wp\/v2\/posts"}],"about":[{"href":"https:\/\/nedir.az\/atalar-sozleri\/wp-json\/wp\/v2\/types\/post"}],"author":[{"embeddable":true,"href":"https:\/\/nedir.az\/atalar-sozleri\/wp-json\/wp\/v2\/users\/2"}],"replies":[{"embeddable":true,"href":"https:\/\/nedir.az\/atalar-sozleri\/wp-json\/wp\/v2\/comments?post=6283"}],"version-history":[{"count":0,"href":"https:\/\/nedir.az\/atalar-sozleri\/wp-json\/wp\/v2\/posts\/6283\/revisions"}],"wp:attachment":[{"href":"https:\/\/nedir.az\/atalar-sozleri\/wp-json\/wp\/v2\/media?parent=6283"}],"wp:term":[{"taxonomy":"category","embeddable":true,"href":"https:\/\/nedir.az\/atalar-sozleri\/wp-json\/wp\/v2\/categories?post=6283"},{"taxonomy":"post_tag","embeddable":true,"href":"https:\/\/nedir.az\/atalar-sozleri\/wp-json\/wp\/v2\/tags?post=6283"}],"curies":[{"name":"wp","href":"https:\/\/api.w.org\/{rel}","templated":true}]}}