{"id":6280,"date":"2024-09-06T21:34:17","date_gmt":"2024-09-06T21:34:17","guid":{"rendered":""},"modified":"-0001-11-30T00:00:00","modified_gmt":"-0001-11-29T21:00:00","slug":"el-malina-kem-baxan-malsiz-davarsiz-qalar","status":"publish","type":"post","link":"https:\/\/nedir.az\/atalar-sozleri\/el-malina-kem-baxan-malsiz-davarsiz-qalar-atalar-sozunun-menasi-nedir","title":{"rendered":"El Mal\u0131na K\u0259m Baxan, Mals\u0131z-davars\u0131z Qalar"},"content":{"rendered":"<p>&#8220;el mal\u0131na k\u0259m baxan, mals\u0131z-davars\u0131z qalar&#8221; atalar s\u00f6z\u00fc, insan\u0131n \u0259traf\u0131ndak\u0131 \u015feyl\u0259r\u0259, x\u00fcsusil\u0259 d\u0259 ba\u015fqalar\u0131n\u0131n m\u00fclkl\u0259rin\u0259, \u0259\u015fyalar\u0131na v\u0259 ya resurslar\u0131na laqeyd yana\u015fmas\u0131n\u0131n n\u0259tic\u0259l\u0259rinin pis olaca\u011f\u0131n\u0131 ifad\u0259 edir. Bu s\u00f6z, insan\u0131n ba\u015fqalar\u0131n\u0131n mal\u0131na, m\u00fclk\u00fcn\u0259, \u0259\u015fyalar\u0131na h\u00f6rm\u0259t etm\u0259sinin vacibliyini vur\u011fulay\u0131r. \u018fg\u0259r insan ba\u015fqalar\u0131n\u0131n m\u00fclkl\u0259rin\u0259 laqeyd yana\u015f\u0131rsa, \u00f6z m\u00fclk\u00fcn\u00fc d\u0259 itir\u0259 bil\u0259r. Bu atalar s\u00f6z\u00fc, h\u0259m\u00e7inin, insanlar\u0131n bir-birin\u0259 olan m\u00fcnasib\u0259tl\u0259rind\u0259 diqq\u0259tli olmalar\u0131n\u0131n, ba\u015fqalar\u0131n\u0131n \u0259\u015fyalar\u0131na d\u0259y\u0259r verm\u0259l\u0259rinin \u0259h\u0259miyy\u0259tini g\u00f6st\u0259rir.<\/p>\n<p><b>Q\u0131sa M\u0259nas\u0131<\/b><br \/>Bu atalar s\u00f6z\u00fc, ba\u015fqalar\u0131n\u0131n m\u00fclk\u00fcn\u0259 laqeyd yana\u015fman\u0131n insan\u0131 \u00f6z m\u00fclk\u00fcnd\u0259n d\u0259 m\u0259hrum ed\u0259 bil\u0259c\u0259yini bildirir.<\/p>\n","protected":false},"excerpt":{"rendered":"<p>&#8220;el mal\u0131na k\u0259m baxan, mals\u0131z-davars\u0131z qalar&#8221; atalar s\u00f6z\u00fc, insan\u0131n \u0259traf\u0131ndak\u0131 \u015feyl\u0259r\u0259, x\u00fcsusil\u0259 d\u0259 ba\u015fqalar\u0131n\u0131n m\u00fclkl\u0259rin\u0259, \u0259\u015fyalar\u0131na v\u0259 ya resurslar\u0131na laqeyd yana\u015fmas\u0131n\u0131n n\u0259tic\u0259l\u0259rinin pis olaca\u011f\u0131n\u0131 ifad\u0259 edir. Bu s\u00f6z, insan\u0131n ba\u015fqalar\u0131n\u0131n mal\u0131na, m\u00fclk\u00fcn\u0259, \u0259\u015fyalar\u0131na h\u00f6rm\u0259t etm\u0259sinin vacibliyini vur\u011fulay\u0131r. \u018fg\u0259r insan ba\u015fqalar\u0131n\u0131n m\u00fclkl\u0259rin\u0259 laqeyd yana\u015f\u0131rsa, \u00f6z m\u00fclk\u00fcn\u00fc d\u0259 itir\u0259 bil\u0259r. Bu atalar s\u00f6z\u00fc, h\u0259m\u00e7inin, insanlar\u0131n bir-birin\u0259 olan &#8230; <a title=\"El Mal\u0131na K\u0259m Baxan, Mals\u0131z-davars\u0131z Qalar\" class=\"read-more\" href=\"https:\/\/nedir.az\/atalar-sozleri\/el-malina-kem-baxan-malsiz-davarsiz-qalar-atalar-sozunun-menasi-nedir\" aria-label=\"Read more about El Mal\u0131na K\u0259m Baxan, Mals\u0131z-davars\u0131z Qalar\">Read more<\/a><\/p>\n","protected":false},"author":2,"featured_media":0,"comment_status":"open","ping_status":"open","sticky":false,"template":"","format":"standard","meta":{"footnotes":""},"categories":[1],"tags":[],"class_list":["post-6280","post","type-post","status-publish","format-standard","hentry","category-atalar-sozleri-atalar-sozu"],"aioseo_notices":[],"_links":{"self":[{"href":"https:\/\/nedir.az\/atalar-sozleri\/wp-json\/wp\/v2\/posts\/6280","targetHints":{"allow":["GET"]}}],"collection":[{"href":"https:\/\/nedir.az\/atalar-sozleri\/wp-json\/wp\/v2\/posts"}],"about":[{"href":"https:\/\/nedir.az\/atalar-sozleri\/wp-json\/wp\/v2\/types\/post"}],"author":[{"embeddable":true,"href":"https:\/\/nedir.az\/atalar-sozleri\/wp-json\/wp\/v2\/users\/2"}],"replies":[{"embeddable":true,"href":"https:\/\/nedir.az\/atalar-sozleri\/wp-json\/wp\/v2\/comments?post=6280"}],"version-history":[{"count":0,"href":"https:\/\/nedir.az\/atalar-sozleri\/wp-json\/wp\/v2\/posts\/6280\/revisions"}],"wp:attachment":[{"href":"https:\/\/nedir.az\/atalar-sozleri\/wp-json\/wp\/v2\/media?parent=6280"}],"wp:term":[{"taxonomy":"category","embeddable":true,"href":"https:\/\/nedir.az\/atalar-sozleri\/wp-json\/wp\/v2\/categories?post=6280"},{"taxonomy":"post_tag","embeddable":true,"href":"https:\/\/nedir.az\/atalar-sozleri\/wp-json\/wp\/v2\/tags?post=6280"}],"curies":[{"name":"wp","href":"https:\/\/api.w.org\/{rel}","templated":true}]}}