{"id":6279,"date":"2024-09-06T21:34:17","date_gmt":"2024-09-06T21:34:17","guid":{"rendered":""},"modified":"-0001-11-30T00:00:00","modified_gmt":"-0001-11-29T21:00:00","slug":"el-malina-goz-tikme-ozun-qazan-ozun-ye","status":"publish","type":"post","link":"https:\/\/nedir.az\/atalar-sozleri\/el-malina-goz-tikme-ozun-qazan-ozun-ye-atalar-sozunun-menasi-nedir","title":{"rendered":"El Mal\u0131na G\u00f6z Tikm\u0259, \u00d6z\u00fcn Qazan, \u00d6z\u00fcn Ye"},"content":{"rendered":"<p>&#8220;el mal\u0131na g\u00f6z tikm\u0259, \u00f6z\u00fcn qazan, \u00f6z\u00fcn ye&#8221; atalar s\u00f6z\u00fcn\u00fcn m\u0259nas\u0131, ba\u015fqalar\u0131n\u0131n m\u00fclk\u00fcn\u0259, z\u0259hm\u0259tin\u0259, u\u011furlar\u0131na g\u00f6z dikm\u0259m\u0259k, \u00f6z z\u0259hm\u0259t v\u0259 \u00e7al\u0131\u015fqanl\u0131\u011f\u0131nla qazanma\u011f\u0131n daha d\u0259y\u0259rli oldu\u011funu vur\u011fulay\u0131r. Bu atalar s\u00f6z\u00fc, insanlar\u0131 ba\u015fqalar\u0131n\u0131n m\u00fclk\u00fcn\u00fc q\u0259sb etm\u0259kd\u0259n \u00e7\u0259kinm\u0259y\u0259, \u00f6z bacar\u0131q v\u0259 imkanlar\u0131 il\u0259 \u00e7al\u0131\u015faraq \u00f6z h\u0259yatlar\u0131n\u0131 qurma\u011fa t\u0259\u015fviq edir. H\u0259m\u00e7inin, bu ifad\u0259, \u0259m\u0259k v\u0259 z\u0259hm\u0259t\u0259 d\u0259y\u0259r verm\u0259yin \u0259h\u0259miyy\u0259tini \u00f6n\u0259 \u00e7\u0131xar\u0131r.<\/p>\n<p><b>Q\u0131sa M\u0259nas\u0131<\/b><br \/> \u00d6z z\u0259hm\u0259t v\u0259 \u00e7al\u0131\u015fqanl\u0131\u011f\u0131nla qazanma\u011f\u0131n, ba\u015fqalar\u0131n\u0131n m\u00fclk\u00fcn\u0259 g\u00f6z dikm\u0259kd\u0259n daha d\u0259y\u0259rli oldu\u011funu ifad\u0259 edir.<\/p>\n","protected":false},"excerpt":{"rendered":"<p>&#8220;el mal\u0131na g\u00f6z tikm\u0259, \u00f6z\u00fcn qazan, \u00f6z\u00fcn ye&#8221; atalar s\u00f6z\u00fcn\u00fcn m\u0259nas\u0131, ba\u015fqalar\u0131n\u0131n m\u00fclk\u00fcn\u0259, z\u0259hm\u0259tin\u0259, u\u011furlar\u0131na g\u00f6z dikm\u0259m\u0259k, \u00f6z z\u0259hm\u0259t v\u0259 \u00e7al\u0131\u015fqanl\u0131\u011f\u0131nla qazanma\u011f\u0131n daha d\u0259y\u0259rli oldu\u011funu vur\u011fulay\u0131r. Bu atalar s\u00f6z\u00fc, insanlar\u0131 ba\u015fqalar\u0131n\u0131n m\u00fclk\u00fcn\u00fc q\u0259sb etm\u0259kd\u0259n \u00e7\u0259kinm\u0259y\u0259, \u00f6z bacar\u0131q v\u0259 imkanlar\u0131 il\u0259 \u00e7al\u0131\u015faraq \u00f6z h\u0259yatlar\u0131n\u0131 qurma\u011fa t\u0259\u015fviq edir. H\u0259m\u00e7inin, bu ifad\u0259, \u0259m\u0259k v\u0259 z\u0259hm\u0259t\u0259 d\u0259y\u0259r verm\u0259yin \u0259h\u0259miyy\u0259tini &#8230; <a title=\"El Mal\u0131na G\u00f6z Tikm\u0259, \u00d6z\u00fcn Qazan, \u00d6z\u00fcn Ye\" class=\"read-more\" href=\"https:\/\/nedir.az\/atalar-sozleri\/el-malina-goz-tikme-ozun-qazan-ozun-ye-atalar-sozunun-menasi-nedir\" aria-label=\"Read more about El Mal\u0131na G\u00f6z Tikm\u0259, \u00d6z\u00fcn Qazan, \u00d6z\u00fcn Ye\">Read more<\/a><\/p>\n","protected":false},"author":2,"featured_media":0,"comment_status":"open","ping_status":"open","sticky":false,"template":"","format":"standard","meta":{"footnotes":""},"categories":[1],"tags":[],"class_list":["post-6279","post","type-post","status-publish","format-standard","hentry","category-atalar-sozleri-atalar-sozu"],"aioseo_notices":[],"_links":{"self":[{"href":"https:\/\/nedir.az\/atalar-sozleri\/wp-json\/wp\/v2\/posts\/6279","targetHints":{"allow":["GET"]}}],"collection":[{"href":"https:\/\/nedir.az\/atalar-sozleri\/wp-json\/wp\/v2\/posts"}],"about":[{"href":"https:\/\/nedir.az\/atalar-sozleri\/wp-json\/wp\/v2\/types\/post"}],"author":[{"embeddable":true,"href":"https:\/\/nedir.az\/atalar-sozleri\/wp-json\/wp\/v2\/users\/2"}],"replies":[{"embeddable":true,"href":"https:\/\/nedir.az\/atalar-sozleri\/wp-json\/wp\/v2\/comments?post=6279"}],"version-history":[{"count":0,"href":"https:\/\/nedir.az\/atalar-sozleri\/wp-json\/wp\/v2\/posts\/6279\/revisions"}],"wp:attachment":[{"href":"https:\/\/nedir.az\/atalar-sozleri\/wp-json\/wp\/v2\/media?parent=6279"}],"wp:term":[{"taxonomy":"category","embeddable":true,"href":"https:\/\/nedir.az\/atalar-sozleri\/wp-json\/wp\/v2\/categories?post=6279"},{"taxonomy":"post_tag","embeddable":true,"href":"https:\/\/nedir.az\/atalar-sozleri\/wp-json\/wp\/v2\/tags?post=6279"}],"curies":[{"name":"wp","href":"https:\/\/api.w.org\/{rel}","templated":true}]}}