{"id":6277,"date":"2024-09-06T21:34:17","date_gmt":"2024-09-06T21:34:17","guid":{"rendered":""},"modified":"-0001-11-30T00:00:00","modified_gmt":"-0001-11-29T21:00:00","slug":"el-mali-ile-dost-qazanilmaz","status":"publish","type":"post","link":"https:\/\/nedir.az\/atalar-sozleri\/el-mali-ile-dost-qazanilmaz-atalar-sozunun-menasi-nedir","title":{"rendered":"El Mal\u0131 il\u0259 Dost Qazan\u0131lmaz"},"content":{"rendered":"<p>&#8220;el mal\u0131 il\u0259 dost qazan\u0131lmaz&#8221; atalar s\u00f6z\u00fcn\u00fcn m\u0259nas\u0131, insan\u0131n dostluq m\u00fcnasib\u0259tl\u0259rini maddi \u015feyl\u0259rl\u0259, y\u0259ni ba\u015fqalar\u0131n\u0131n mal-d\u00f6vl\u0259tl\u0259ri il\u0259 qura bilm\u0259y\u0259c\u0259yini ifad\u0259 edir. Bu s\u00f6z, dostlu\u011fun v\u0259 insan m\u00fcnasib\u0259tl\u0259rinin s\u0259mimiyy\u0259t\u0259, qar\u015f\u0131l\u0131ql\u0131 anlay\u0131\u015fa v\u0259 etimada \u0259sasland\u0131\u011f\u0131n\u0131 vur\u011fulay\u0131r. Y\u0259ni, dostluq, yaln\u0131z maddi imkanlarla deyil, eyni zamanda insan\u0131n i\u00e7 d\u00fcnyas\u0131, d\u0259y\u0259rl\u0259ri v\u0259 davran\u0131\u015flar\u0131 il\u0259 formala\u015f\u0131r. Bu atalar s\u00f6z\u00fc, insanlar\u0131 yaln\u0131z maddi maraqlara g\u00f6r\u0259 dostluq etm\u0259m\u0259y\u0259, \u0259sl dostlu\u011fun d\u0259y\u0259rini anlamaya \u00e7a\u011f\u0131r\u0131r.<\/p>\n<p><b>Q\u0131sa M\u0259nas\u0131<\/b><br \/> Dostluq maddi \u015feyl\u0259rl\u0259 deyil, s\u0259mimiyy\u0259t v\u0259 etimadla qurulur.<\/p>\n","protected":false},"excerpt":{"rendered":"<p>&#8220;el mal\u0131 il\u0259 dost qazan\u0131lmaz&#8221; atalar s\u00f6z\u00fcn\u00fcn m\u0259nas\u0131, insan\u0131n dostluq m\u00fcnasib\u0259tl\u0259rini maddi \u015feyl\u0259rl\u0259, y\u0259ni ba\u015fqalar\u0131n\u0131n mal-d\u00f6vl\u0259tl\u0259ri il\u0259 qura bilm\u0259y\u0259c\u0259yini ifad\u0259 edir. Bu s\u00f6z, dostlu\u011fun v\u0259 insan m\u00fcnasib\u0259tl\u0259rinin s\u0259mimiyy\u0259t\u0259, qar\u015f\u0131l\u0131ql\u0131 anlay\u0131\u015fa v\u0259 etimada \u0259sasland\u0131\u011f\u0131n\u0131 vur\u011fulay\u0131r. Y\u0259ni, dostluq, yaln\u0131z maddi imkanlarla deyil, eyni zamanda insan\u0131n i\u00e7 d\u00fcnyas\u0131, d\u0259y\u0259rl\u0259ri v\u0259 davran\u0131\u015flar\u0131 il\u0259 formala\u015f\u0131r. Bu atalar s\u00f6z\u00fc, insanlar\u0131 yaln\u0131z &#8230; <a title=\"El Mal\u0131 il\u0259 Dost Qazan\u0131lmaz\" class=\"read-more\" href=\"https:\/\/nedir.az\/atalar-sozleri\/el-mali-ile-dost-qazanilmaz-atalar-sozunun-menasi-nedir\" aria-label=\"Read more about El Mal\u0131 il\u0259 Dost Qazan\u0131lmaz\">Read more<\/a><\/p>\n","protected":false},"author":2,"featured_media":0,"comment_status":"open","ping_status":"open","sticky":false,"template":"","format":"standard","meta":{"footnotes":""},"categories":[1],"tags":[],"class_list":["post-6277","post","type-post","status-publish","format-standard","hentry","category-atalar-sozleri-atalar-sozu"],"aioseo_notices":[],"_links":{"self":[{"href":"https:\/\/nedir.az\/atalar-sozleri\/wp-json\/wp\/v2\/posts\/6277","targetHints":{"allow":["GET"]}}],"collection":[{"href":"https:\/\/nedir.az\/atalar-sozleri\/wp-json\/wp\/v2\/posts"}],"about":[{"href":"https:\/\/nedir.az\/atalar-sozleri\/wp-json\/wp\/v2\/types\/post"}],"author":[{"embeddable":true,"href":"https:\/\/nedir.az\/atalar-sozleri\/wp-json\/wp\/v2\/users\/2"}],"replies":[{"embeddable":true,"href":"https:\/\/nedir.az\/atalar-sozleri\/wp-json\/wp\/v2\/comments?post=6277"}],"version-history":[{"count":0,"href":"https:\/\/nedir.az\/atalar-sozleri\/wp-json\/wp\/v2\/posts\/6277\/revisions"}],"wp:attachment":[{"href":"https:\/\/nedir.az\/atalar-sozleri\/wp-json\/wp\/v2\/media?parent=6277"}],"wp:term":[{"taxonomy":"category","embeddable":true,"href":"https:\/\/nedir.az\/atalar-sozleri\/wp-json\/wp\/v2\/categories?post=6277"},{"taxonomy":"post_tag","embeddable":true,"href":"https:\/\/nedir.az\/atalar-sozleri\/wp-json\/wp\/v2\/tags?post=6277"}],"curies":[{"name":"wp","href":"https:\/\/api.w.org\/{rel}","templated":true}]}}