{"id":6268,"date":"2024-09-06T21:34:17","date_gmt":"2024-09-06T21:34:17","guid":{"rendered":""},"modified":"-0001-11-30T00:00:00","modified_gmt":"-0001-11-29T21:00:00","slug":"el-qabagi-yel-qabagi","status":"publish","type":"post","link":"https:\/\/nedir.az\/atalar-sozleri\/el-qabagi-yel-qabagi-atalar-sozunun-menasi-nedir","title":{"rendered":"El Qaba\u011f\u0131, Yel Qaba\u011f\u0131"},"content":{"rendered":"<p>&#8220;el qaba\u011f\u0131, yel qaba\u011f\u0131&#8221; atalar s\u00f6z\u00fcn\u00fcn m\u0259nas\u0131, bir insan\u0131n ba\u015fqalar\u0131n\u0131n yan\u0131nda \u00f6z\u00fcn\u00fc g\u00f6st\u0259rm\u0259k, \u00f6z\u00fcn\u00fc \u00f6n plana \u00e7\u0131xarmaq ist\u0259diyi zaman istifad\u0259 olunur. Bu atalar s\u00f6z\u00fc, insanlar\u0131n b\u0259z\u0259n ba\u015fqalar\u0131n\u0131n g\u00f6z\u00fcnd\u0259 yax\u015f\u0131 g\u00f6r\u00fcnm\u0259k \u00fc\u00e7\u00fcn \u00f6zl\u0259rini s\u00fcni \u015f\u0259kild\u0259 t\u0259qdim etm\u0259l\u0259rinin t\u0259nqididir. H\u0259m\u00e7inin, bu ifad\u0259, birinin \u00f6z\u00fcn\u00fc oldu\u011fundan daha yax\u015f\u0131 g\u00f6st\u0259rm\u0259y\u0259 \u00e7al\u0131\u015fd\u0131\u011f\u0131n\u0131, lakin bunun ger\u00e7\u0259k olmad\u0131\u011f\u0131n\u0131 vur\u011fulamaq \u00fc\u00e7\u00fcn d\u0259 istifad\u0259 edilir.<\/p>\n<p><b>Q\u0131sa M\u0259nas\u0131<\/b><br \/> \u00d6z\u00fcn\u00fc ba\u015fqalar\u0131na yax\u015f\u0131 g\u00f6st\u0259rm\u0259k \u00fc\u00e7\u00fcn s\u00fcni davran\u0131\u015f.<\/p>\n","protected":false},"excerpt":{"rendered":"<p>&#8220;el qaba\u011f\u0131, yel qaba\u011f\u0131&#8221; atalar s\u00f6z\u00fcn\u00fcn m\u0259nas\u0131, bir insan\u0131n ba\u015fqalar\u0131n\u0131n yan\u0131nda \u00f6z\u00fcn\u00fc g\u00f6st\u0259rm\u0259k, \u00f6z\u00fcn\u00fc \u00f6n plana \u00e7\u0131xarmaq ist\u0259diyi zaman istifad\u0259 olunur. Bu atalar s\u00f6z\u00fc, insanlar\u0131n b\u0259z\u0259n ba\u015fqalar\u0131n\u0131n g\u00f6z\u00fcnd\u0259 yax\u015f\u0131 g\u00f6r\u00fcnm\u0259k \u00fc\u00e7\u00fcn \u00f6zl\u0259rini s\u00fcni \u015f\u0259kild\u0259 t\u0259qdim etm\u0259l\u0259rinin t\u0259nqididir. H\u0259m\u00e7inin, bu ifad\u0259, birinin \u00f6z\u00fcn\u00fc oldu\u011fundan daha yax\u015f\u0131 g\u00f6st\u0259rm\u0259y\u0259 \u00e7al\u0131\u015fd\u0131\u011f\u0131n\u0131, lakin bunun ger\u00e7\u0259k olmad\u0131\u011f\u0131n\u0131 vur\u011fulamaq \u00fc\u00e7\u00fcn d\u0259 istifad\u0259 &#8230; <a title=\"El Qaba\u011f\u0131, Yel Qaba\u011f\u0131\" class=\"read-more\" href=\"https:\/\/nedir.az\/atalar-sozleri\/el-qabagi-yel-qabagi-atalar-sozunun-menasi-nedir\" aria-label=\"Read more about El Qaba\u011f\u0131, Yel Qaba\u011f\u0131\">Read more<\/a><\/p>\n","protected":false},"author":2,"featured_media":0,"comment_status":"open","ping_status":"open","sticky":false,"template":"","format":"standard","meta":{"footnotes":""},"categories":[1],"tags":[],"class_list":["post-6268","post","type-post","status-publish","format-standard","hentry","category-atalar-sozleri-atalar-sozu"],"aioseo_notices":[],"_links":{"self":[{"href":"https:\/\/nedir.az\/atalar-sozleri\/wp-json\/wp\/v2\/posts\/6268","targetHints":{"allow":["GET"]}}],"collection":[{"href":"https:\/\/nedir.az\/atalar-sozleri\/wp-json\/wp\/v2\/posts"}],"about":[{"href":"https:\/\/nedir.az\/atalar-sozleri\/wp-json\/wp\/v2\/types\/post"}],"author":[{"embeddable":true,"href":"https:\/\/nedir.az\/atalar-sozleri\/wp-json\/wp\/v2\/users\/2"}],"replies":[{"embeddable":true,"href":"https:\/\/nedir.az\/atalar-sozleri\/wp-json\/wp\/v2\/comments?post=6268"}],"version-history":[{"count":0,"href":"https:\/\/nedir.az\/atalar-sozleri\/wp-json\/wp\/v2\/posts\/6268\/revisions"}],"wp:attachment":[{"href":"https:\/\/nedir.az\/atalar-sozleri\/wp-json\/wp\/v2\/media?parent=6268"}],"wp:term":[{"taxonomy":"category","embeddable":true,"href":"https:\/\/nedir.az\/atalar-sozleri\/wp-json\/wp\/v2\/categories?post=6268"},{"taxonomy":"post_tag","embeddable":true,"href":"https:\/\/nedir.az\/atalar-sozleri\/wp-json\/wp\/v2\/tags?post=6268"}],"curies":[{"name":"wp","href":"https:\/\/api.w.org\/{rel}","templated":true}]}}