{"id":6265,"date":"2024-09-06T21:34:17","date_gmt":"2024-09-06T21:34:17","guid":{"rendered":""},"modified":"-0001-11-30T00:00:00","modified_gmt":"-0001-11-29T21:00:00","slug":"el-kocdu-oba-qaldi","status":"publish","type":"post","link":"https:\/\/nedir.az\/atalar-sozleri\/el-kocdu-oba-qaldi-atalar-sozunun-menasi-nedir","title":{"rendered":"El K\u00f6\u00e7d\u00fc, Oba Qald\u0131"},"content":{"rendered":"<p>&#8220;el k\u00f6\u00e7d\u00fc, oba qald\u0131&#8221; atalar s\u00f6z\u00fcn\u00fcn m\u0259nas\u0131, bir toplumun, k\u0259ndin v\u0259 ya elin k\u00f6\u00e7d\u00fcy\u00fc, y\u0259ni oradan ayr\u0131ld\u0131\u011f\u0131, amma orada qalanlar\u0131n, y\u0259ni oban\u0131n, yurdun h\u0259l\u0259 d\u0259 m\u00f6vcud oldu\u011funu ifad\u0259 edir. Bu s\u00f6z, insanlar\u0131n k\u00f6\u00e7m\u0259si, yeni yerl\u0259r\u0259 getm\u0259si il\u0259 yana\u015f\u0131, k\u00f6hn\u0259 yurdun, m\u0259d\u0259niyy\u0259tin v\u0259 \u0259n\u0259n\u0259l\u0259rin h\u0259l\u0259 d\u0259 ya\u015fad\u0131\u011f\u0131n\u0131 vur\u011fulay\u0131r. Eyni zamanda, bu atalar s\u00f6z\u00fc, k\u00f6\u00e7k\u00fcnl\u00fck, ayr\u0131l\u0131q v\u0259 k\u00f6hn\u0259 yurdun d\u0259y\u0259ri haqq\u0131nda d\u00fc\u015f\u00fcnc\u0259l\u0259ri \u0259ks etdirir.<\/p>\n<p><b>Q\u0131sa M\u0259nas\u0131<\/b><br \/>Bu atalar s\u00f6z\u00fc, insanlar\u0131n k\u00f6\u00e7m\u0259si il\u0259 yana\u015f\u0131, k\u00f6hn\u0259 yurdun v\u0259 m\u0259d\u0259niyy\u0259tin h\u0259l\u0259 d\u0259 m\u00f6vcud oldu\u011funu bildirir.<\/p>\n","protected":false},"excerpt":{"rendered":"<p>&#8220;el k\u00f6\u00e7d\u00fc, oba qald\u0131&#8221; atalar s\u00f6z\u00fcn\u00fcn m\u0259nas\u0131, bir toplumun, k\u0259ndin v\u0259 ya elin k\u00f6\u00e7d\u00fcy\u00fc, y\u0259ni oradan ayr\u0131ld\u0131\u011f\u0131, amma orada qalanlar\u0131n, y\u0259ni oban\u0131n, yurdun h\u0259l\u0259 d\u0259 m\u00f6vcud oldu\u011funu ifad\u0259 edir. Bu s\u00f6z, insanlar\u0131n k\u00f6\u00e7m\u0259si, yeni yerl\u0259r\u0259 getm\u0259si il\u0259 yana\u015f\u0131, k\u00f6hn\u0259 yurdun, m\u0259d\u0259niyy\u0259tin v\u0259 \u0259n\u0259n\u0259l\u0259rin h\u0259l\u0259 d\u0259 ya\u015fad\u0131\u011f\u0131n\u0131 vur\u011fulay\u0131r. Eyni zamanda, bu atalar s\u00f6z\u00fc, k\u00f6\u00e7k\u00fcnl\u00fck, ayr\u0131l\u0131q v\u0259 &#8230; <a title=\"El K\u00f6\u00e7d\u00fc, Oba Qald\u0131\" class=\"read-more\" href=\"https:\/\/nedir.az\/atalar-sozleri\/el-kocdu-oba-qaldi-atalar-sozunun-menasi-nedir\" aria-label=\"Read more about El K\u00f6\u00e7d\u00fc, Oba Qald\u0131\">Read more<\/a><\/p>\n","protected":false},"author":2,"featured_media":0,"comment_status":"open","ping_status":"open","sticky":false,"template":"","format":"standard","meta":{"footnotes":""},"categories":[1],"tags":[],"class_list":["post-6265","post","type-post","status-publish","format-standard","hentry","category-atalar-sozleri-atalar-sozu"],"aioseo_notices":[],"_links":{"self":[{"href":"https:\/\/nedir.az\/atalar-sozleri\/wp-json\/wp\/v2\/posts\/6265","targetHints":{"allow":["GET"]}}],"collection":[{"href":"https:\/\/nedir.az\/atalar-sozleri\/wp-json\/wp\/v2\/posts"}],"about":[{"href":"https:\/\/nedir.az\/atalar-sozleri\/wp-json\/wp\/v2\/types\/post"}],"author":[{"embeddable":true,"href":"https:\/\/nedir.az\/atalar-sozleri\/wp-json\/wp\/v2\/users\/2"}],"replies":[{"embeddable":true,"href":"https:\/\/nedir.az\/atalar-sozleri\/wp-json\/wp\/v2\/comments?post=6265"}],"version-history":[{"count":0,"href":"https:\/\/nedir.az\/atalar-sozleri\/wp-json\/wp\/v2\/posts\/6265\/revisions"}],"wp:attachment":[{"href":"https:\/\/nedir.az\/atalar-sozleri\/wp-json\/wp\/v2\/media?parent=6265"}],"wp:term":[{"taxonomy":"category","embeddable":true,"href":"https:\/\/nedir.az\/atalar-sozleri\/wp-json\/wp\/v2\/categories?post=6265"},{"taxonomy":"post_tag","embeddable":true,"href":"https:\/\/nedir.az\/atalar-sozleri\/wp-json\/wp\/v2\/tags?post=6265"}],"curies":[{"name":"wp","href":"https:\/\/api.w.org\/{rel}","templated":true}]}}