{"id":6263,"date":"2024-09-06T21:34:17","date_gmt":"2024-09-06T21:34:17","guid":{"rendered":""},"modified":"-0001-11-30T00:00:00","modified_gmt":"-0001-11-29T21:00:00","slug":"el-ipile-quyuya-dusen-quyuda-qalar","status":"publish","type":"post","link":"https:\/\/nedir.az\/atalar-sozleri\/el-ipile-quyuya-dusen-quyuda-qalar-atalar-sozunun-menasi-nedir","title":{"rendered":"El Ipil\u0259 Quyuya D\u00fc\u015f\u0259n Quyuda Qalar"},"content":{"rendered":"<p>&#8220;el ipil\u0259 quyuya d\u00fc\u015f\u0259n quyuda qalar&#8221; atalar s\u00f6z\u00fc, insanlar\u0131n bir-birin\u0259 ba\u011fl\u0131l\u0131\u011f\u0131n\u0131, yard\u0131mla\u015fma\u011f\u0131 v\u0259 birg\u0259 f\u0259aliyy\u0259tin \u0259h\u0259miyy\u0259tini vur\u011fulay\u0131r. Bu ifad\u0259, bir insan\u0131n t\u0259k ba\u015f\u0131na \u00e7\u0259tinlikl\u0259rl\u0259 m\u00fcbariz\u0259 aparmas\u0131n\u0131n \u00e7\u0259tin oldu\u011funu, amma bir araya g\u0259ldikd\u0259 daha g\u00fccl\u00fc v\u0259 dayan\u0131ql\u0131 olacaqlar\u0131n\u0131 bildirir. H\u0259m\u00e7inin, bu atalar s\u00f6z\u00fc, bir insan\u0131n ba\u015f\u0131na g\u0259l\u0259n \u00e7\u0259tinlikl\u0259rin, \u0259trafdak\u0131 insanlar\u0131n d\u0259st\u0259yi il\u0259 daha asan a\u015f\u0131laca\u011f\u0131n\u0131 da ifad\u0259 edir. <\/p>\n<p><b>Q\u0131sa M\u0259nas\u0131<\/b><br \/> <br \/>\nBu atalar s\u00f6z\u00fc, birlikd\u0259 olma\u011f\u0131n v\u0259 yard\u0131mla\u015fman\u0131n \u0259h\u0259miyy\u0259tini vur\u011fulay\u0131r.<\/p>\n","protected":false},"excerpt":{"rendered":"<p>&#8220;el ipil\u0259 quyuya d\u00fc\u015f\u0259n quyuda qalar&#8221; atalar s\u00f6z\u00fc, insanlar\u0131n bir-birin\u0259 ba\u011fl\u0131l\u0131\u011f\u0131n\u0131, yard\u0131mla\u015fma\u011f\u0131 v\u0259 birg\u0259 f\u0259aliyy\u0259tin \u0259h\u0259miyy\u0259tini vur\u011fulay\u0131r. Bu ifad\u0259, bir insan\u0131n t\u0259k ba\u015f\u0131na \u00e7\u0259tinlikl\u0259rl\u0259 m\u00fcbariz\u0259 aparmas\u0131n\u0131n \u00e7\u0259tin oldu\u011funu, amma bir araya g\u0259ldikd\u0259 daha g\u00fccl\u00fc v\u0259 dayan\u0131ql\u0131 olacaqlar\u0131n\u0131 bildirir. H\u0259m\u00e7inin, bu atalar s\u00f6z\u00fc, bir insan\u0131n ba\u015f\u0131na g\u0259l\u0259n \u00e7\u0259tinlikl\u0259rin, \u0259trafdak\u0131 insanlar\u0131n d\u0259st\u0259yi il\u0259 daha asan a\u015f\u0131laca\u011f\u0131n\u0131 da &#8230; <a title=\"El Ipil\u0259 Quyuya D\u00fc\u015f\u0259n Quyuda Qalar\" class=\"read-more\" href=\"https:\/\/nedir.az\/atalar-sozleri\/el-ipile-quyuya-dusen-quyuda-qalar-atalar-sozunun-menasi-nedir\" aria-label=\"Read more about El Ipil\u0259 Quyuya D\u00fc\u015f\u0259n Quyuda Qalar\">Read more<\/a><\/p>\n","protected":false},"author":2,"featured_media":0,"comment_status":"open","ping_status":"open","sticky":false,"template":"","format":"standard","meta":{"footnotes":""},"categories":[1],"tags":[],"class_list":["post-6263","post","type-post","status-publish","format-standard","hentry","category-atalar-sozleri-atalar-sozu"],"aioseo_notices":[],"_links":{"self":[{"href":"https:\/\/nedir.az\/atalar-sozleri\/wp-json\/wp\/v2\/posts\/6263","targetHints":{"allow":["GET"]}}],"collection":[{"href":"https:\/\/nedir.az\/atalar-sozleri\/wp-json\/wp\/v2\/posts"}],"about":[{"href":"https:\/\/nedir.az\/atalar-sozleri\/wp-json\/wp\/v2\/types\/post"}],"author":[{"embeddable":true,"href":"https:\/\/nedir.az\/atalar-sozleri\/wp-json\/wp\/v2\/users\/2"}],"replies":[{"embeddable":true,"href":"https:\/\/nedir.az\/atalar-sozleri\/wp-json\/wp\/v2\/comments?post=6263"}],"version-history":[{"count":0,"href":"https:\/\/nedir.az\/atalar-sozleri\/wp-json\/wp\/v2\/posts\/6263\/revisions"}],"wp:attachment":[{"href":"https:\/\/nedir.az\/atalar-sozleri\/wp-json\/wp\/v2\/media?parent=6263"}],"wp:term":[{"taxonomy":"category","embeddable":true,"href":"https:\/\/nedir.az\/atalar-sozleri\/wp-json\/wp\/v2\/categories?post=6263"},{"taxonomy":"post_tag","embeddable":true,"href":"https:\/\/nedir.az\/atalar-sozleri\/wp-json\/wp\/v2\/tags?post=6263"}],"curies":[{"name":"wp","href":"https:\/\/api.w.org\/{rel}","templated":true}]}}