{"id":6262,"date":"2024-09-06T21:34:17","date_gmt":"2024-09-06T21:34:17","guid":{"rendered":""},"modified":"-0001-11-30T00:00:00","modified_gmt":"-0001-11-29T21:00:00","slug":"el-insanin-sohretidir","status":"publish","type":"post","link":"https:\/\/nedir.az\/atalar-sozleri\/el-insanin-sohretidir-atalar-sozunun-menasi-nedir","title":{"rendered":"El \u0130nsan\u0131n \u015e\u00f6hr\u0259tidir"},"content":{"rendered":"<p>&#8220;El insan\u0131n \u015f\u00f6hr\u0259tidir&#8221; atalar s\u00f6z\u00fcn\u00fcn m\u0259nas\u0131, bir insan\u0131n d\u0259y\u0259ri v\u0259 tan\u0131nmas\u0131, onun c\u0259miyy\u0259t i\u00e7ind\u0259ki yeri v\u0259 \u0259h\u0259miyy\u0259ti il\u0259 ba\u011fl\u0131d\u0131r. Bu s\u00f6z, insan\u0131n yaln\u0131z \u00f6z f\u0259rdi keyfiyy\u0259tl\u0259ri il\u0259 deyil, eyni zamanda onun ya\u015fad\u0131\u011f\u0131 toplum v\u0259 c\u0259miyy\u0259t t\u0259r\u0259find\u0259n nec\u0259 qiym\u0259tl\u0259ndirildiyi il\u0259 d\u0259 ba\u011fl\u0131d\u0131r. Y\u0259ni, bir insan\u0131n \u015f\u00f6hr\u0259ti, onun \u00f6z\u00fcn\u00fcn f\u0259aliyy\u0259tl\u0259ri, davran\u0131\u015flar\u0131 v\u0259 c\u0259miyy\u0259t\u0259 olan t\u00f6hf\u0259l\u0259ri il\u0259 formala\u015f\u0131r. Bu atalar s\u00f6z\u00fc, insanlar\u0131n bir-birin\u0259 olan m\u00fcnasib\u0259tl\u0259rinin, sosial \u0259laq\u0259l\u0259rinin v\u0259 c\u0259miyy\u0259t i\u00e7ind\u0259ki rolunun vacibliyini vur\u011fulay\u0131r.<\/p>\n<p><b>Q\u0131sa M\u0259nas\u0131<\/b><br \/> \u0130nsanlar\u0131n c\u0259miyy\u0259t i\u00e7ind\u0259ki d\u0259y\u0259ri v\u0259 tan\u0131nmas\u0131, onlar\u0131n f\u0259aliyy\u0259tl\u0259ri v\u0259 c\u0259miyy\u0259t\u0259 olan t\u0259siri il\u0259 ba\u011fl\u0131d\u0131r.<\/p>\n","protected":false},"excerpt":{"rendered":"<p>&#8220;El insan\u0131n \u015f\u00f6hr\u0259tidir&#8221; atalar s\u00f6z\u00fcn\u00fcn m\u0259nas\u0131, bir insan\u0131n d\u0259y\u0259ri v\u0259 tan\u0131nmas\u0131, onun c\u0259miyy\u0259t i\u00e7ind\u0259ki yeri v\u0259 \u0259h\u0259miyy\u0259ti il\u0259 ba\u011fl\u0131d\u0131r. Bu s\u00f6z, insan\u0131n yaln\u0131z \u00f6z f\u0259rdi keyfiyy\u0259tl\u0259ri il\u0259 deyil, eyni zamanda onun ya\u015fad\u0131\u011f\u0131 toplum v\u0259 c\u0259miyy\u0259t t\u0259r\u0259find\u0259n nec\u0259 qiym\u0259tl\u0259ndirildiyi il\u0259 d\u0259 ba\u011fl\u0131d\u0131r. Y\u0259ni, bir insan\u0131n \u015f\u00f6hr\u0259ti, onun \u00f6z\u00fcn\u00fcn f\u0259aliyy\u0259tl\u0259ri, davran\u0131\u015flar\u0131 v\u0259 c\u0259miyy\u0259t\u0259 olan t\u00f6hf\u0259l\u0259ri il\u0259 formala\u015f\u0131r. &#8230; <a title=\"El \u0130nsan\u0131n \u015e\u00f6hr\u0259tidir\" class=\"read-more\" href=\"https:\/\/nedir.az\/atalar-sozleri\/el-insanin-sohretidir-atalar-sozunun-menasi-nedir\" aria-label=\"Read more about El \u0130nsan\u0131n \u015e\u00f6hr\u0259tidir\">Read more<\/a><\/p>\n","protected":false},"author":2,"featured_media":0,"comment_status":"open","ping_status":"open","sticky":false,"template":"","format":"standard","meta":{"footnotes":""},"categories":[1],"tags":[],"class_list":["post-6262","post","type-post","status-publish","format-standard","hentry","category-atalar-sozleri-atalar-sozu"],"aioseo_notices":[],"_links":{"self":[{"href":"https:\/\/nedir.az\/atalar-sozleri\/wp-json\/wp\/v2\/posts\/6262","targetHints":{"allow":["GET"]}}],"collection":[{"href":"https:\/\/nedir.az\/atalar-sozleri\/wp-json\/wp\/v2\/posts"}],"about":[{"href":"https:\/\/nedir.az\/atalar-sozleri\/wp-json\/wp\/v2\/types\/post"}],"author":[{"embeddable":true,"href":"https:\/\/nedir.az\/atalar-sozleri\/wp-json\/wp\/v2\/users\/2"}],"replies":[{"embeddable":true,"href":"https:\/\/nedir.az\/atalar-sozleri\/wp-json\/wp\/v2\/comments?post=6262"}],"version-history":[{"count":0,"href":"https:\/\/nedir.az\/atalar-sozleri\/wp-json\/wp\/v2\/posts\/6262\/revisions"}],"wp:attachment":[{"href":"https:\/\/nedir.az\/atalar-sozleri\/wp-json\/wp\/v2\/media?parent=6262"}],"wp:term":[{"taxonomy":"category","embeddable":true,"href":"https:\/\/nedir.az\/atalar-sozleri\/wp-json\/wp\/v2\/categories?post=6262"},{"taxonomy":"post_tag","embeddable":true,"href":"https:\/\/nedir.az\/atalar-sozleri\/wp-json\/wp\/v2\/tags?post=6262"}],"curies":[{"name":"wp","href":"https:\/\/api.w.org\/{rel}","templated":true}]}}