{"id":6260,"date":"2024-09-06T21:34:17","date_gmt":"2024-09-06T21:34:17","guid":{"rendered":""},"modified":"-0001-11-30T00:00:00","modified_gmt":"-0001-11-29T21:00:00","slug":"el-ile-duran-yixilmaz-el-ile-veren-saxlamaz","status":"publish","type":"post","link":"https:\/\/nedir.az\/atalar-sozleri\/el-ile-duran-yixilmaz-el-ile-veren-saxlamaz-atalar-sozunun-menasi-nedir","title":{"rendered":"El il\u0259 Duran Y\u0131x\u0131lmaz, \u018fl il\u0259 Ver\u0259n Saxlamaz"},"content":{"rendered":"<p>&#8220;el il\u0259 duran y\u0131x\u0131lmaz, \u0259l il\u0259 ver\u0259n saxlamaz&#8221; atalar s\u00f6z\u00fcn\u00fcn m\u0259nas\u0131, insan\u0131n \u00f6z g\u00fcc\u00fcn\u0259, irad\u0259sin\u0259 v\u0259 m\u00fcbariz\u0259sin\u0259 inanmas\u0131n\u0131n vacibliyini vur\u011fulay\u0131r. Bu s\u00f6z, insan\u0131n \u00f6z\u00fcn\u00fc m\u00fcdafi\u0259 etm\u0259si, \u00e7\u0259tinlikl\u0259r\u0259 qar\u015f\u0131 durmas\u0131 v\u0259 ba\u015fqalar\u0131na asanl\u0131qla yard\u0131m etm\u0259sinin, lakin bununla yana\u015f\u0131, ba\u015fqalar\u0131na \u00e7ox asanl\u0131qla bir \u015fey verm\u0259sinin onun \u00f6z\u00fcn\u00fc z\u0259ifl\u0259tdiyini ifad\u0259 edir. Y\u0259ni, insan \u00f6z\u00fcn\u00fc g\u00fccl\u00fc hiss edirs\u0259, \u00e7\u0259tinlikl\u0259r\u0259 qar\u015f\u0131 durma qabiliyy\u0259tini itirm\u0259z, amma ba\u015fqalar\u0131na \u00e7ox \u015fey ver\u0259r\u0259k \u00f6z g\u00fcc\u00fcn\u00fc itir\u0259 bil\u0259r.<\/p>\n<p><b>Q\u0131sa M\u0259nas\u0131<\/b><br \/> Bu atalar s\u00f6z\u00fc, insan\u0131n \u00f6z g\u00fcc\u00fcn\u0259 inanmas\u0131n\u0131n v\u0259 ba\u015fqalar\u0131na k\u00f6m\u0259k ed\u0259rk\u0259n ehtiyatl\u0131 olmas\u0131n\u0131n vacibliyini vur\u011fulay\u0131r.<\/p>\n","protected":false},"excerpt":{"rendered":"<p>&#8220;el il\u0259 duran y\u0131x\u0131lmaz, \u0259l il\u0259 ver\u0259n saxlamaz&#8221; atalar s\u00f6z\u00fcn\u00fcn m\u0259nas\u0131, insan\u0131n \u00f6z g\u00fcc\u00fcn\u0259, irad\u0259sin\u0259 v\u0259 m\u00fcbariz\u0259sin\u0259 inanmas\u0131n\u0131n vacibliyini vur\u011fulay\u0131r. Bu s\u00f6z, insan\u0131n \u00f6z\u00fcn\u00fc m\u00fcdafi\u0259 etm\u0259si, \u00e7\u0259tinlikl\u0259r\u0259 qar\u015f\u0131 durmas\u0131 v\u0259 ba\u015fqalar\u0131na asanl\u0131qla yard\u0131m etm\u0259sinin, lakin bununla yana\u015f\u0131, ba\u015fqalar\u0131na \u00e7ox asanl\u0131qla bir \u015fey verm\u0259sinin onun \u00f6z\u00fcn\u00fc z\u0259ifl\u0259tdiyini ifad\u0259 edir. Y\u0259ni, insan \u00f6z\u00fcn\u00fc g\u00fccl\u00fc hiss edirs\u0259, \u00e7\u0259tinlikl\u0259r\u0259 &#8230; <a title=\"El il\u0259 Duran Y\u0131x\u0131lmaz, \u018fl il\u0259 Ver\u0259n Saxlamaz\" class=\"read-more\" href=\"https:\/\/nedir.az\/atalar-sozleri\/el-ile-duran-yixilmaz-el-ile-veren-saxlamaz-atalar-sozunun-menasi-nedir\" aria-label=\"Read more about El il\u0259 Duran Y\u0131x\u0131lmaz, \u018fl il\u0259 Ver\u0259n Saxlamaz\">Read more<\/a><\/p>\n","protected":false},"author":2,"featured_media":0,"comment_status":"open","ping_status":"open","sticky":false,"template":"","format":"standard","meta":{"footnotes":""},"categories":[1],"tags":[],"class_list":["post-6260","post","type-post","status-publish","format-standard","hentry","category-atalar-sozleri-atalar-sozu"],"aioseo_notices":[],"_links":{"self":[{"href":"https:\/\/nedir.az\/atalar-sozleri\/wp-json\/wp\/v2\/posts\/6260","targetHints":{"allow":["GET"]}}],"collection":[{"href":"https:\/\/nedir.az\/atalar-sozleri\/wp-json\/wp\/v2\/posts"}],"about":[{"href":"https:\/\/nedir.az\/atalar-sozleri\/wp-json\/wp\/v2\/types\/post"}],"author":[{"embeddable":true,"href":"https:\/\/nedir.az\/atalar-sozleri\/wp-json\/wp\/v2\/users\/2"}],"replies":[{"embeddable":true,"href":"https:\/\/nedir.az\/atalar-sozleri\/wp-json\/wp\/v2\/comments?post=6260"}],"version-history":[{"count":0,"href":"https:\/\/nedir.az\/atalar-sozleri\/wp-json\/wp\/v2\/posts\/6260\/revisions"}],"wp:attachment":[{"href":"https:\/\/nedir.az\/atalar-sozleri\/wp-json\/wp\/v2\/media?parent=6260"}],"wp:term":[{"taxonomy":"category","embeddable":true,"href":"https:\/\/nedir.az\/atalar-sozleri\/wp-json\/wp\/v2\/categories?post=6260"},{"taxonomy":"post_tag","embeddable":true,"href":"https:\/\/nedir.az\/atalar-sozleri\/wp-json\/wp\/v2\/tags?post=6260"}],"curies":[{"name":"wp","href":"https:\/\/api.w.org\/{rel}","templated":true}]}}