{"id":6258,"date":"2024-09-06T21:34:17","date_gmt":"2024-09-06T21:34:17","guid":{"rendered":""},"modified":"-0001-11-30T00:00:00","modified_gmt":"-0001-11-29T21:00:00","slug":"el-igidi-ile-taninar","status":"publish","type":"post","link":"https:\/\/nedir.az\/atalar-sozleri\/el-igidi-ile-taninar-atalar-sozunun-menasi-nedir","title":{"rendered":"El \u0130gidi il\u0259 Tan\u0131nar"},"content":{"rendered":"<p>&#8220;El igidi il\u0259 tan\u0131nar&#8221; atalar s\u00f6z\u00fc, bir insan\u0131n, x\u00fcsusil\u0259 d\u0259 ki\u015finin, c\u0259miyy\u0259t i\u00e7ind\u0259ki d\u0259y\u0259rinin, qabiliyy\u0259tinin v\u0259 ya c\u0259sar\u0259tinin yaln\u0131z s\u00f6zl\u0259rl\u0259 deyil, \u0259m\u0259ll\u0259ri il\u0259 s\u00fcbut olunmas\u0131 g\u0259r\u0259kdiyini ifad\u0259 edir. Bu s\u00f6z, insanlar\u0131n bir-birini tan\u0131mas\u0131n\u0131n v\u0259 qiym\u0259tl\u0259ndirm\u0259sinin yaln\u0131z dan\u0131\u015f\u0131qla deyil, real f\u0259aliyy\u0259tl\u0259rl\u0259 m\u00fcmk\u00fcn oldu\u011funu vur\u011fulay\u0131r. Y\u0259ni, bir insan\u0131n igidliyi, c\u0259sar\u0259ti v\u0259 ya dig\u0259r m\u00fcsb\u0259t x\u00fcsusiyy\u0259tl\u0259ri, onun davran\u0131\u015flar\u0131 v\u0259 c\u0259miyy\u0259t\u0259 olan t\u00f6hf\u0259l\u0259ri il\u0259 \u00f6l\u00e7\u00fcl\u00fcr.<\/p>\n<p><b>Q\u0131sa M\u0259nas\u0131<\/b><br \/> \u0130gidlik v\u0259 d\u0259y\u0259r, yaln\u0131z s\u00f6zl\u0259rl\u0259 deyil, \u0259m\u0259ll\u0259rl\u0259 s\u00fcbut olunur.<\/p>\n","protected":false},"excerpt":{"rendered":"<p>&#8220;El igidi il\u0259 tan\u0131nar&#8221; atalar s\u00f6z\u00fc, bir insan\u0131n, x\u00fcsusil\u0259 d\u0259 ki\u015finin, c\u0259miyy\u0259t i\u00e7ind\u0259ki d\u0259y\u0259rinin, qabiliyy\u0259tinin v\u0259 ya c\u0259sar\u0259tinin yaln\u0131z s\u00f6zl\u0259rl\u0259 deyil, \u0259m\u0259ll\u0259ri il\u0259 s\u00fcbut olunmas\u0131 g\u0259r\u0259kdiyini ifad\u0259 edir. Bu s\u00f6z, insanlar\u0131n bir-birini tan\u0131mas\u0131n\u0131n v\u0259 qiym\u0259tl\u0259ndirm\u0259sinin yaln\u0131z dan\u0131\u015f\u0131qla deyil, real f\u0259aliyy\u0259tl\u0259rl\u0259 m\u00fcmk\u00fcn oldu\u011funu vur\u011fulay\u0131r. Y\u0259ni, bir insan\u0131n igidliyi, c\u0259sar\u0259ti v\u0259 ya dig\u0259r m\u00fcsb\u0259t x\u00fcsusiyy\u0259tl\u0259ri, onun davran\u0131\u015flar\u0131 &#8230; <a title=\"El \u0130gidi il\u0259 Tan\u0131nar\" class=\"read-more\" href=\"https:\/\/nedir.az\/atalar-sozleri\/el-igidi-ile-taninar-atalar-sozunun-menasi-nedir\" aria-label=\"Read more about El \u0130gidi il\u0259 Tan\u0131nar\">Read more<\/a><\/p>\n","protected":false},"author":2,"featured_media":0,"comment_status":"open","ping_status":"open","sticky":false,"template":"","format":"standard","meta":{"footnotes":""},"categories":[1],"tags":[],"class_list":["post-6258","post","type-post","status-publish","format-standard","hentry","category-atalar-sozleri-atalar-sozu"],"aioseo_notices":[],"_links":{"self":[{"href":"https:\/\/nedir.az\/atalar-sozleri\/wp-json\/wp\/v2\/posts\/6258","targetHints":{"allow":["GET"]}}],"collection":[{"href":"https:\/\/nedir.az\/atalar-sozleri\/wp-json\/wp\/v2\/posts"}],"about":[{"href":"https:\/\/nedir.az\/atalar-sozleri\/wp-json\/wp\/v2\/types\/post"}],"author":[{"embeddable":true,"href":"https:\/\/nedir.az\/atalar-sozleri\/wp-json\/wp\/v2\/users\/2"}],"replies":[{"embeddable":true,"href":"https:\/\/nedir.az\/atalar-sozleri\/wp-json\/wp\/v2\/comments?post=6258"}],"version-history":[{"count":0,"href":"https:\/\/nedir.az\/atalar-sozleri\/wp-json\/wp\/v2\/posts\/6258\/revisions"}],"wp:attachment":[{"href":"https:\/\/nedir.az\/atalar-sozleri\/wp-json\/wp\/v2\/media?parent=6258"}],"wp:term":[{"taxonomy":"category","embeddable":true,"href":"https:\/\/nedir.az\/atalar-sozleri\/wp-json\/wp\/v2\/categories?post=6258"},{"taxonomy":"post_tag","embeddable":true,"href":"https:\/\/nedir.az\/atalar-sozleri\/wp-json\/wp\/v2\/tags?post=6258"}],"curies":[{"name":"wp","href":"https:\/\/api.w.org\/{rel}","templated":true}]}}