{"id":6256,"date":"2024-09-06T21:34:17","date_gmt":"2024-09-06T21:34:17","guid":{"rendered":""},"modified":"-0001-11-30T00:00:00","modified_gmt":"-0001-11-29T21:00:00","slug":"el-hara-sen-de-ora","status":"publish","type":"post","link":"https:\/\/nedir.az\/atalar-sozleri\/el-hara-sen-de-ora-atalar-sozunun-menasi-nedir","title":{"rendered":"El Hara, S\u0259n d\u0259 Ora"},"content":{"rendered":"<p>&#8220;el hara, s\u0259n d\u0259 ora&#8221; atalar s\u00f6z\u00fc, insan\u0131n davran\u0131\u015flar\u0131n\u0131n, se\u00e7iml\u0259rinin v\u0259 ya h\u0259r\u0259k\u0259tl\u0259rinin ba\u015fqalar\u0131n\u0131n davran\u0131\u015flar\u0131 il\u0259 ba\u011fl\u0131 oldu\u011funu ifad\u0259 edir. Bu s\u00f6z, bir insan\u0131n \u00f6z q\u0259rarlar\u0131n\u0131 ver\u0259rk\u0259n, \u0259traf\u0131ndak\u0131 insanlar\u0131n t\u0259sirini v\u0259 onlar\u0131n davran\u0131\u015flar\u0131n\u0131 n\u0259z\u0259r\u0259 almas\u0131 laz\u0131m oldu\u011funu vur\u011fulay\u0131r. Y\u0259ni, \u0259g\u0259r bir insan m\u00fc\u0259yy\u0259n bir yer\u0259, v\u0259ziyy\u0259t\u0259 v\u0259 ya f\u0259aliyy\u0259t\u0259 y\u00f6n\u0259lirs\u0259, bu, onun \u0259traf\u0131ndak\u0131lar\u0131n da eyni yolda oldu\u011funu g\u00f6st\u0259rir. <\/p>\n<p><b>Q\u0131sa M\u0259nas\u0131<\/b><br \/> Bu atalar s\u00f6z\u00fc, insanlar\u0131n bir-birini t\u0259sir etdiyini v\u0259 eyni m\u00fchitd\u0259 bir araya g\u0259ldikd\u0259, davran\u0131\u015flar\u0131n bir-birini izl\u0259diyini bildirir.<\/p>\n","protected":false},"excerpt":{"rendered":"<p>&#8220;el hara, s\u0259n d\u0259 ora&#8221; atalar s\u00f6z\u00fc, insan\u0131n davran\u0131\u015flar\u0131n\u0131n, se\u00e7iml\u0259rinin v\u0259 ya h\u0259r\u0259k\u0259tl\u0259rinin ba\u015fqalar\u0131n\u0131n davran\u0131\u015flar\u0131 il\u0259 ba\u011fl\u0131 oldu\u011funu ifad\u0259 edir. Bu s\u00f6z, bir insan\u0131n \u00f6z q\u0259rarlar\u0131n\u0131 ver\u0259rk\u0259n, \u0259traf\u0131ndak\u0131 insanlar\u0131n t\u0259sirini v\u0259 onlar\u0131n davran\u0131\u015flar\u0131n\u0131 n\u0259z\u0259r\u0259 almas\u0131 laz\u0131m oldu\u011funu vur\u011fulay\u0131r. Y\u0259ni, \u0259g\u0259r bir insan m\u00fc\u0259yy\u0259n bir yer\u0259, v\u0259ziyy\u0259t\u0259 v\u0259 ya f\u0259aliyy\u0259t\u0259 y\u00f6n\u0259lirs\u0259, bu, onun \u0259traf\u0131ndak\u0131lar\u0131n da eyni &#8230; <a title=\"El Hara, S\u0259n d\u0259 Ora\" class=\"read-more\" href=\"https:\/\/nedir.az\/atalar-sozleri\/el-hara-sen-de-ora-atalar-sozunun-menasi-nedir\" aria-label=\"Read more about El Hara, S\u0259n d\u0259 Ora\">Read more<\/a><\/p>\n","protected":false},"author":2,"featured_media":0,"comment_status":"open","ping_status":"open","sticky":false,"template":"","format":"standard","meta":{"footnotes":""},"categories":[1],"tags":[],"class_list":["post-6256","post","type-post","status-publish","format-standard","hentry","category-atalar-sozleri-atalar-sozu"],"aioseo_notices":[],"_links":{"self":[{"href":"https:\/\/nedir.az\/atalar-sozleri\/wp-json\/wp\/v2\/posts\/6256","targetHints":{"allow":["GET"]}}],"collection":[{"href":"https:\/\/nedir.az\/atalar-sozleri\/wp-json\/wp\/v2\/posts"}],"about":[{"href":"https:\/\/nedir.az\/atalar-sozleri\/wp-json\/wp\/v2\/types\/post"}],"author":[{"embeddable":true,"href":"https:\/\/nedir.az\/atalar-sozleri\/wp-json\/wp\/v2\/users\/2"}],"replies":[{"embeddable":true,"href":"https:\/\/nedir.az\/atalar-sozleri\/wp-json\/wp\/v2\/comments?post=6256"}],"version-history":[{"count":0,"href":"https:\/\/nedir.az\/atalar-sozleri\/wp-json\/wp\/v2\/posts\/6256\/revisions"}],"wp:attachment":[{"href":"https:\/\/nedir.az\/atalar-sozleri\/wp-json\/wp\/v2\/media?parent=6256"}],"wp:term":[{"taxonomy":"category","embeddable":true,"href":"https:\/\/nedir.az\/atalar-sozleri\/wp-json\/wp\/v2\/categories?post=6256"},{"taxonomy":"post_tag","embeddable":true,"href":"https:\/\/nedir.az\/atalar-sozleri\/wp-json\/wp\/v2\/tags?post=6256"}],"curies":[{"name":"wp","href":"https:\/\/api.w.org\/{rel}","templated":true}]}}