{"id":6252,"date":"2024-09-06T21:34:16","date_gmt":"2024-09-06T21:34:16","guid":{"rendered":""},"modified":"-0001-11-30T00:00:00","modified_gmt":"-0001-11-29T21:00:00","slug":"el-gozuyle-dunya-gorunmez","status":"publish","type":"post","link":"https:\/\/nedir.az\/atalar-sozleri\/el-gozuyle-dunya-gorunmez-atalar-sozunun-menasi-nedir","title":{"rendered":"El G\u00f6z\u00fcyl\u0259 D\u00fcnya G\u00f6r\u00fcnm\u0259z"},"content":{"rendered":"<p>&#8220;el g\u00f6z\u00fcyl\u0259 d\u00fcnya g\u00f6r\u00fcnm\u0259z&#8221; atalar s\u00f6z\u00fc, insanlar\u0131n bir \u015feyi yaln\u0131z \u00f6z bax\u0131\u015f bucaqlar\u0131 il\u0259 qiym\u0259tl\u0259ndirm\u0259l\u0259rinin, ba\u015fqalar\u0131n\u0131n fikirl\u0259rini v\u0259 perspektivl\u0259rini n\u0259z\u0259r\u0259 almalar\u0131n\u0131n vacibliyini vur\u011fulay\u0131r. Bu atalar s\u00f6z\u00fc, insanlar\u0131n bir hadis\u0259y\u0259, v\u0259ziyy\u0259t\u0259 v\u0259 ya insana yaln\u0131z \u00f6z t\u0259cr\u00fcb\u0259l\u0259ri v\u0259 d\u00fc\u015f\u00fcnc\u0259l\u0259ri il\u0259 yana\u015fmalar\u0131n\u0131n, daha geni\u015f bir anlay\u0131\u015fa sahib olmadan, do\u011fru n\u0259tic\u0259l\u0259r\u0259 g\u0259l\u0259 bilm\u0259y\u0259c\u0259kl\u0259rini ifad\u0259 edir. H\u0259m\u00e7inin, bu s\u00f6z, insanlar\u0131n bir-birinin fikirl\u0259rini dinl\u0259m\u0259l\u0259rinin v\u0259 ba\u015fqalar\u0131n\u0131n bax\u0131\u015flar\u0131n\u0131 anlama\u011fa \u00e7al\u0131\u015fmas\u0131n\u0131n \u0259h\u0259miyy\u0259tini d\u0259 \u00f6n plana \u00e7\u0131xar\u0131r.<\/p>\n<p><b>Q\u0131sa M\u0259nas\u0131<\/b><br \/> <br \/>\nBu atalar s\u00f6z\u00fc, insanlar\u0131n yaln\u0131z \u00f6z bax\u0131\u015f bucaqlar\u0131 il\u0259 d\u00fc\u015f\u00fcnm\u0259l\u0259rinin yanl\u0131\u015f oldu\u011funu, ba\u015fqalar\u0131n\u0131n fikirl\u0259rini dinl\u0259m\u0259nin vacibliyini vur\u011fulay\u0131r.<\/p>\n","protected":false},"excerpt":{"rendered":"<p>&#8220;el g\u00f6z\u00fcyl\u0259 d\u00fcnya g\u00f6r\u00fcnm\u0259z&#8221; atalar s\u00f6z\u00fc, insanlar\u0131n bir \u015feyi yaln\u0131z \u00f6z bax\u0131\u015f bucaqlar\u0131 il\u0259 qiym\u0259tl\u0259ndirm\u0259l\u0259rinin, ba\u015fqalar\u0131n\u0131n fikirl\u0259rini v\u0259 perspektivl\u0259rini n\u0259z\u0259r\u0259 almalar\u0131n\u0131n vacibliyini vur\u011fulay\u0131r. Bu atalar s\u00f6z\u00fc, insanlar\u0131n bir hadis\u0259y\u0259, v\u0259ziyy\u0259t\u0259 v\u0259 ya insana yaln\u0131z \u00f6z t\u0259cr\u00fcb\u0259l\u0259ri v\u0259 d\u00fc\u015f\u00fcnc\u0259l\u0259ri il\u0259 yana\u015fmalar\u0131n\u0131n, daha geni\u015f bir anlay\u0131\u015fa sahib olmadan, do\u011fru n\u0259tic\u0259l\u0259r\u0259 g\u0259l\u0259 bilm\u0259y\u0259c\u0259kl\u0259rini ifad\u0259 edir. H\u0259m\u00e7inin, bu s\u00f6z, &#8230; <a title=\"El G\u00f6z\u00fcyl\u0259 D\u00fcnya G\u00f6r\u00fcnm\u0259z\" class=\"read-more\" href=\"https:\/\/nedir.az\/atalar-sozleri\/el-gozuyle-dunya-gorunmez-atalar-sozunun-menasi-nedir\" aria-label=\"Read more about El G\u00f6z\u00fcyl\u0259 D\u00fcnya G\u00f6r\u00fcnm\u0259z\">Read more<\/a><\/p>\n","protected":false},"author":2,"featured_media":0,"comment_status":"open","ping_status":"open","sticky":false,"template":"","format":"standard","meta":{"footnotes":""},"categories":[1],"tags":[],"class_list":["post-6252","post","type-post","status-publish","format-standard","hentry","category-atalar-sozleri-atalar-sozu"],"aioseo_notices":[],"_links":{"self":[{"href":"https:\/\/nedir.az\/atalar-sozleri\/wp-json\/wp\/v2\/posts\/6252","targetHints":{"allow":["GET"]}}],"collection":[{"href":"https:\/\/nedir.az\/atalar-sozleri\/wp-json\/wp\/v2\/posts"}],"about":[{"href":"https:\/\/nedir.az\/atalar-sozleri\/wp-json\/wp\/v2\/types\/post"}],"author":[{"embeddable":true,"href":"https:\/\/nedir.az\/atalar-sozleri\/wp-json\/wp\/v2\/users\/2"}],"replies":[{"embeddable":true,"href":"https:\/\/nedir.az\/atalar-sozleri\/wp-json\/wp\/v2\/comments?post=6252"}],"version-history":[{"count":0,"href":"https:\/\/nedir.az\/atalar-sozleri\/wp-json\/wp\/v2\/posts\/6252\/revisions"}],"wp:attachment":[{"href":"https:\/\/nedir.az\/atalar-sozleri\/wp-json\/wp\/v2\/media?parent=6252"}],"wp:term":[{"taxonomy":"category","embeddable":true,"href":"https:\/\/nedir.az\/atalar-sozleri\/wp-json\/wp\/v2\/categories?post=6252"},{"taxonomy":"post_tag","embeddable":true,"href":"https:\/\/nedir.az\/atalar-sozleri\/wp-json\/wp\/v2\/tags?post=6252"}],"curies":[{"name":"wp","href":"https:\/\/api.w.org\/{rel}","templated":true}]}}