{"id":6251,"date":"2024-09-06T21:34:16","date_gmt":"2024-09-06T21:34:16","guid":{"rendered":""},"modified":"-0001-11-30T00:00:00","modified_gmt":"-0001-11-29T21:00:00","slug":"el-gozunden-dusen-gozsuz-qalar","status":"publish","type":"post","link":"https:\/\/nedir.az\/atalar-sozleri\/el-gozunden-dusen-gozsuz-qalar-atalar-sozunun-menasi-nedir","title":{"rendered":"El G\u00f6z\u00fcnd\u0259n D\u00fc\u015f\u0259n G\u00f6zs\u00fcz Qalar"},"content":{"rendered":"<p>&#8220;el g\u00f6z\u00fcnd\u0259n d\u00fc\u015f\u0259n g\u00f6zs\u00fcz qalar&#8221; atalar s\u00f6z\u00fcn\u00fcn m\u0259nas\u0131, bir insan\u0131n ya da bir \u015feyin \u0259h\u0259miyy\u0259tini, d\u0259y\u0259rini itirdikd\u0259, onun art\u0131q g\u00f6z \u00f6n\u00fcnd\u0259 olmamas\u0131 v\u0259 ya unudulmas\u0131 il\u0259 ba\u011fl\u0131d\u0131r. Bu atalar s\u00f6z\u00fc, insanlar\u0131n ya da \u015feyl\u0259rin d\u0259y\u0259rinin, onlar\u0131n c\u0259miyy\u0259td\u0259ki yerinin v\u0259 ya tan\u0131nmas\u0131n\u0131n, zamanla azald\u0131\u011f\u0131n\u0131 v\u0259 ya itirildiyini vur\u011fulay\u0131r. Y\u0259ni, bir \u015fey ya da insan c\u0259miyy\u0259tin diqq\u0259tind\u0259n uzaqla\u015fd\u0131qda, onun d\u0259y\u0259ri d\u0259 azal\u0131r v\u0259 n\u0259tic\u0259d\u0259 unudulur.<\/p>\n<p><b>Q\u0131sa M\u0259nas\u0131<\/b><br \/> \u0130nsanlar\u0131n ya da \u015feyl\u0259rin c\u0259miyy\u0259td\u0259ki d\u0259y\u0259rinin zamanla azald\u0131\u011f\u0131n\u0131 v\u0259 unuduldu\u011funu ifad\u0259 edir.<\/p>\n","protected":false},"excerpt":{"rendered":"<p>&#8220;el g\u00f6z\u00fcnd\u0259n d\u00fc\u015f\u0259n g\u00f6zs\u00fcz qalar&#8221; atalar s\u00f6z\u00fcn\u00fcn m\u0259nas\u0131, bir insan\u0131n ya da bir \u015feyin \u0259h\u0259miyy\u0259tini, d\u0259y\u0259rini itirdikd\u0259, onun art\u0131q g\u00f6z \u00f6n\u00fcnd\u0259 olmamas\u0131 v\u0259 ya unudulmas\u0131 il\u0259 ba\u011fl\u0131d\u0131r. Bu atalar s\u00f6z\u00fc, insanlar\u0131n ya da \u015feyl\u0259rin d\u0259y\u0259rinin, onlar\u0131n c\u0259miyy\u0259td\u0259ki yerinin v\u0259 ya tan\u0131nmas\u0131n\u0131n, zamanla azald\u0131\u011f\u0131n\u0131 v\u0259 ya itirildiyini vur\u011fulay\u0131r. Y\u0259ni, bir \u015fey ya da insan c\u0259miyy\u0259tin diqq\u0259tind\u0259n &#8230; <a title=\"El G\u00f6z\u00fcnd\u0259n D\u00fc\u015f\u0259n G\u00f6zs\u00fcz Qalar\" class=\"read-more\" href=\"https:\/\/nedir.az\/atalar-sozleri\/el-gozunden-dusen-gozsuz-qalar-atalar-sozunun-menasi-nedir\" aria-label=\"Read more about El G\u00f6z\u00fcnd\u0259n D\u00fc\u015f\u0259n G\u00f6zs\u00fcz Qalar\">Read more<\/a><\/p>\n","protected":false},"author":2,"featured_media":0,"comment_status":"open","ping_status":"open","sticky":false,"template":"","format":"standard","meta":{"footnotes":""},"categories":[1],"tags":[],"class_list":["post-6251","post","type-post","status-publish","format-standard","hentry","category-atalar-sozleri-atalar-sozu"],"aioseo_notices":[],"_links":{"self":[{"href":"https:\/\/nedir.az\/atalar-sozleri\/wp-json\/wp\/v2\/posts\/6251","targetHints":{"allow":["GET"]}}],"collection":[{"href":"https:\/\/nedir.az\/atalar-sozleri\/wp-json\/wp\/v2\/posts"}],"about":[{"href":"https:\/\/nedir.az\/atalar-sozleri\/wp-json\/wp\/v2\/types\/post"}],"author":[{"embeddable":true,"href":"https:\/\/nedir.az\/atalar-sozleri\/wp-json\/wp\/v2\/users\/2"}],"replies":[{"embeddable":true,"href":"https:\/\/nedir.az\/atalar-sozleri\/wp-json\/wp\/v2\/comments?post=6251"}],"version-history":[{"count":0,"href":"https:\/\/nedir.az\/atalar-sozleri\/wp-json\/wp\/v2\/posts\/6251\/revisions"}],"wp:attachment":[{"href":"https:\/\/nedir.az\/atalar-sozleri\/wp-json\/wp\/v2\/media?parent=6251"}],"wp:term":[{"taxonomy":"category","embeddable":true,"href":"https:\/\/nedir.az\/atalar-sozleri\/wp-json\/wp\/v2\/categories?post=6251"},{"taxonomy":"post_tag","embeddable":true,"href":"https:\/\/nedir.az\/atalar-sozleri\/wp-json\/wp\/v2\/tags?post=6251"}],"curies":[{"name":"wp","href":"https:\/\/api.w.org\/{rel}","templated":true}]}}