{"id":6247,"date":"2024-09-06T21:34:16","date_gmt":"2024-09-06T21:34:16","guid":{"rendered":""},"modified":"-0001-11-30T00:00:00","modified_gmt":"-0001-11-29T21:00:00","slug":"el-gozu-serrafdir","status":"publish","type":"post","link":"https:\/\/nedir.az\/atalar-sozleri\/el-gozu-serrafdir-atalar-sozunun-menasi-nedir","title":{"rendered":"El G\u00f6z\u00fc S\u0259rrafd\u0131r"},"content":{"rendered":"<p>&#8220;el g\u00f6z\u00fc s\u0259rrafd\u0131r&#8221; atalar s\u00f6z\u00fcn\u00fcn m\u0259nas\u0131, insanlar\u0131n t\u0259cr\u00fcb\u0259l\u0259rinin v\u0259 bilikl\u0259rinin, x\u00fcsusil\u0259 d\u0259 bir i\u015fin d\u00fczg\u00fcnl\u00fcy\u00fcn\u00fc qiym\u0259tl\u0259ndirm\u0259kd\u0259 n\u0259 q\u0259d\u0259r \u0259h\u0259miyy\u0259tli oldu\u011funu vur\u011fulay\u0131r. Bu s\u00f6z, bir insan\u0131n, c\u0259miyy\u0259tin v\u0259 ya bir qrupun, bir \u015feyi d\u0259y\u0259rl\u0259ndirm\u0259kd\u0259 v\u0259 ya se\u00e7m\u0259kd\u0259 daha yax\u015f\u0131 bir anlay\u0131\u015fa sahib oldu\u011funu g\u00f6st\u0259rir. Y\u0259ni, b\u0259z\u0259n bir \u015feyin d\u0259y\u0259rini v\u0259 ya keyfiyy\u0259tini anlamaq \u00fc\u00e7\u00fcn yaln\u0131z r\u0259smi bilikl\u0259r kifay\u0259t etmir, eyni zamanda insanlar\u0131n t\u0259cr\u00fcb\u0259si v\u0259 instinktl\u0259ri d\u0259 \u00f6n\u0259mlidir.<\/p>\n<p><b>Q\u0131sa M\u0259nas\u0131<\/b><br \/>Bu atalar s\u00f6z\u00fc, insanlar\u0131n t\u0259cr\u00fcb\u0259l\u0259rinin v\u0259 instinktl\u0259rinin, bir \u015feyin d\u0259y\u0259rini qiym\u0259tl\u0259ndirm\u0259kd\u0259 \u0259h\u0259miyy\u0259tini vur\u011fulay\u0131r.<\/p>\n","protected":false},"excerpt":{"rendered":"<p>&#8220;el g\u00f6z\u00fc s\u0259rrafd\u0131r&#8221; atalar s\u00f6z\u00fcn\u00fcn m\u0259nas\u0131, insanlar\u0131n t\u0259cr\u00fcb\u0259l\u0259rinin v\u0259 bilikl\u0259rinin, x\u00fcsusil\u0259 d\u0259 bir i\u015fin d\u00fczg\u00fcnl\u00fcy\u00fcn\u00fc qiym\u0259tl\u0259ndirm\u0259kd\u0259 n\u0259 q\u0259d\u0259r \u0259h\u0259miyy\u0259tli oldu\u011funu vur\u011fulay\u0131r. Bu s\u00f6z, bir insan\u0131n, c\u0259miyy\u0259tin v\u0259 ya bir qrupun, bir \u015feyi d\u0259y\u0259rl\u0259ndirm\u0259kd\u0259 v\u0259 ya se\u00e7m\u0259kd\u0259 daha yax\u015f\u0131 bir anlay\u0131\u015fa sahib oldu\u011funu g\u00f6st\u0259rir. Y\u0259ni, b\u0259z\u0259n bir \u015feyin d\u0259y\u0259rini v\u0259 ya keyfiyy\u0259tini anlamaq \u00fc\u00e7\u00fcn yaln\u0131z r\u0259smi &#8230; <a title=\"El G\u00f6z\u00fc S\u0259rrafd\u0131r\" class=\"read-more\" href=\"https:\/\/nedir.az\/atalar-sozleri\/el-gozu-serrafdir-atalar-sozunun-menasi-nedir\" aria-label=\"Read more about El G\u00f6z\u00fc S\u0259rrafd\u0131r\">Read more<\/a><\/p>\n","protected":false},"author":2,"featured_media":0,"comment_status":"open","ping_status":"open","sticky":false,"template":"","format":"standard","meta":{"footnotes":""},"categories":[1],"tags":[],"class_list":["post-6247","post","type-post","status-publish","format-standard","hentry","category-atalar-sozleri-atalar-sozu"],"aioseo_notices":[],"_links":{"self":[{"href":"https:\/\/nedir.az\/atalar-sozleri\/wp-json\/wp\/v2\/posts\/6247","targetHints":{"allow":["GET"]}}],"collection":[{"href":"https:\/\/nedir.az\/atalar-sozleri\/wp-json\/wp\/v2\/posts"}],"about":[{"href":"https:\/\/nedir.az\/atalar-sozleri\/wp-json\/wp\/v2\/types\/post"}],"author":[{"embeddable":true,"href":"https:\/\/nedir.az\/atalar-sozleri\/wp-json\/wp\/v2\/users\/2"}],"replies":[{"embeddable":true,"href":"https:\/\/nedir.az\/atalar-sozleri\/wp-json\/wp\/v2\/comments?post=6247"}],"version-history":[{"count":0,"href":"https:\/\/nedir.az\/atalar-sozleri\/wp-json\/wp\/v2\/posts\/6247\/revisions"}],"wp:attachment":[{"href":"https:\/\/nedir.az\/atalar-sozleri\/wp-json\/wp\/v2\/media?parent=6247"}],"wp:term":[{"taxonomy":"category","embeddable":true,"href":"https:\/\/nedir.az\/atalar-sozleri\/wp-json\/wp\/v2\/categories?post=6247"},{"taxonomy":"post_tag","embeddable":true,"href":"https:\/\/nedir.az\/atalar-sozleri\/wp-json\/wp\/v2\/tags?post=6247"}],"curies":[{"name":"wp","href":"https:\/\/api.w.org\/{rel}","templated":true}]}}