{"id":6245,"date":"2024-09-06T21:34:16","date_gmt":"2024-09-06T21:34:16","guid":{"rendered":""},"modified":"-0001-11-30T00:00:00","modified_gmt":"-0001-11-29T21:00:00","slug":"el-harda-sen-de-orda","status":"publish","type":"post","link":"https:\/\/nedir.az\/atalar-sozleri\/el-harda-sen-de-orda-atalar-sozunun-menasi-nedir","title":{"rendered":"El Harda, S\u0259n d\u0259 Orda"},"content":{"rendered":"<p>&#8220;el harda, s\u0259n d\u0259 orda&#8221; atalar s\u00f6z\u00fc, insan\u0131n ya\u015fad\u0131\u011f\u0131 v\u0259 ya f\u0259aliyy\u0259t g\u00f6st\u0259rdiyi m\u00fchitin, c\u0259miyy\u0259tin v\u0259 ya insanlar\u0131n t\u0259sirini vur\u011fulayan bir ifad\u0259dir. Bu atalar s\u00f6z\u00fc, insan\u0131n \u00f6z\u00fcn\u00fc \u0259traf\u0131ndak\u0131 insanlarla, onlar\u0131n d\u0259y\u0259rl\u0259ri v\u0259 davran\u0131\u015flar\u0131 il\u0259 uy\u011funla\u015fd\u0131rmas\u0131, onlardan t\u0259sirl\u0259nm\u0259si anlam\u0131na g\u0259lir. Y\u0259ni, insan\u0131n hans\u0131 m\u00fchitd\u0259 olursa olsun, oradak\u0131 insanlar\u0131n davran\u0131\u015flar\u0131na, ad\u0259tl\u0259rin\u0259 v\u0259 d\u0259y\u0259rl\u0259rin\u0259 uy\u011funla\u015fmas\u0131 g\u00f6zl\u0259nilir. Bu, h\u0259m d\u0259 insan\u0131n sosial m\u00fchitd\u0259ki yerini v\u0259 rolunu anlamas\u0131na i\u015far\u0259 edir.<\/p>\n<p><b>Q\u0131sa M\u0259nas\u0131<\/b><br \/> \u0130nsanlar\u0131n ya\u015fad\u0131\u011f\u0131 m\u00fchit\u0259 uy\u011funla\u015fmas\u0131 v\u0259 oradak\u0131 d\u0259y\u0259rl\u0259r\u0259 t\u0259sir etm\u0259si.<\/p>\n","protected":false},"excerpt":{"rendered":"<p>&#8220;el harda, s\u0259n d\u0259 orda&#8221; atalar s\u00f6z\u00fc, insan\u0131n ya\u015fad\u0131\u011f\u0131 v\u0259 ya f\u0259aliyy\u0259t g\u00f6st\u0259rdiyi m\u00fchitin, c\u0259miyy\u0259tin v\u0259 ya insanlar\u0131n t\u0259sirini vur\u011fulayan bir ifad\u0259dir. Bu atalar s\u00f6z\u00fc, insan\u0131n \u00f6z\u00fcn\u00fc \u0259traf\u0131ndak\u0131 insanlarla, onlar\u0131n d\u0259y\u0259rl\u0259ri v\u0259 davran\u0131\u015flar\u0131 il\u0259 uy\u011funla\u015fd\u0131rmas\u0131, onlardan t\u0259sirl\u0259nm\u0259si anlam\u0131na g\u0259lir. Y\u0259ni, insan\u0131n hans\u0131 m\u00fchitd\u0259 olursa olsun, oradak\u0131 insanlar\u0131n davran\u0131\u015flar\u0131na, ad\u0259tl\u0259rin\u0259 v\u0259 d\u0259y\u0259rl\u0259rin\u0259 uy\u011funla\u015fmas\u0131 g\u00f6zl\u0259nilir. Bu, h\u0259m &#8230; <a title=\"El Harda, S\u0259n d\u0259 Orda\" class=\"read-more\" href=\"https:\/\/nedir.az\/atalar-sozleri\/el-harda-sen-de-orda-atalar-sozunun-menasi-nedir\" aria-label=\"Read more about El Harda, S\u0259n d\u0259 Orda\">Read more<\/a><\/p>\n","protected":false},"author":2,"featured_media":0,"comment_status":"open","ping_status":"open","sticky":false,"template":"","format":"standard","meta":{"footnotes":""},"categories":[1],"tags":[],"class_list":["post-6245","post","type-post","status-publish","format-standard","hentry","category-atalar-sozleri-atalar-sozu"],"aioseo_notices":[],"_links":{"self":[{"href":"https:\/\/nedir.az\/atalar-sozleri\/wp-json\/wp\/v2\/posts\/6245","targetHints":{"allow":["GET"]}}],"collection":[{"href":"https:\/\/nedir.az\/atalar-sozleri\/wp-json\/wp\/v2\/posts"}],"about":[{"href":"https:\/\/nedir.az\/atalar-sozleri\/wp-json\/wp\/v2\/types\/post"}],"author":[{"embeddable":true,"href":"https:\/\/nedir.az\/atalar-sozleri\/wp-json\/wp\/v2\/users\/2"}],"replies":[{"embeddable":true,"href":"https:\/\/nedir.az\/atalar-sozleri\/wp-json\/wp\/v2\/comments?post=6245"}],"version-history":[{"count":0,"href":"https:\/\/nedir.az\/atalar-sozleri\/wp-json\/wp\/v2\/posts\/6245\/revisions"}],"wp:attachment":[{"href":"https:\/\/nedir.az\/atalar-sozleri\/wp-json\/wp\/v2\/media?parent=6245"}],"wp:term":[{"taxonomy":"category","embeddable":true,"href":"https:\/\/nedir.az\/atalar-sozleri\/wp-json\/wp\/v2\/categories?post=6245"},{"taxonomy":"post_tag","embeddable":true,"href":"https:\/\/nedir.az\/atalar-sozleri\/wp-json\/wp\/v2\/tags?post=6245"}],"curies":[{"name":"wp","href":"https:\/\/api.w.org\/{rel}","templated":true}]}}