{"id":6242,"date":"2024-09-06T21:34:16","date_gmt":"2024-09-06T21:34:16","guid":{"rendered":""},"modified":"-0001-11-30T00:00:00","modified_gmt":"-0001-11-29T21:00:00","slug":"el-elin-aynasidir","status":"publish","type":"post","link":"https:\/\/nedir.az\/atalar-sozleri\/el-elin-aynasidir-atalar-sozunun-menasi-nedir","title":{"rendered":"El Elin Aynas\u0131d\u0131r"},"content":{"rendered":"<p>&#8220;el elin aynas\u0131d\u0131r&#8221; atalar s\u00f6z\u00fcn\u00fcn m\u0259nas\u0131, insanlar\u0131n bir-birin\u0259 olan m\u00fcnasib\u0259tl\u0259rini v\u0259 davran\u0131\u015flar\u0131n\u0131 \u0259ks etdirir. Bu s\u00f6z, insanlar\u0131n bir-birin\u0259 nec\u0259 davrand\u0131\u011f\u0131n\u0131, ba\u015fqalar\u0131n\u0131n onlara nec\u0259 yana\u015faca\u011f\u0131n\u0131 g\u00f6st\u0259rir. Y\u0259ni, \u0259g\u0259r bir insan ba\u015fqalar\u0131na yax\u015f\u0131 davran\u0131rsa, o da eyni m\u00fcnasib\u0259ti alacaq. Bu atalar s\u00f6z\u00fc, sosial \u0259laq\u0259l\u0259rin v\u0259 qar\u015f\u0131l\u0131ql\u0131 h\u00f6rm\u0259tin \u0259h\u0259miyy\u0259tini vur\u011fulay\u0131r.<\/p>\n<p><b>Q\u0131sa M\u0259nas\u0131<\/b><br \/>Bu atalar s\u00f6z\u00fc, insanlar\u0131n bir-birin\u0259 olan m\u00fcnasib\u0259tl\u0259rinin qar\u015f\u0131l\u0131ql\u0131 oldu\u011funu, yax\u015f\u0131 davran\u0131\u015flar\u0131n yax\u015f\u0131 m\u00fcnasib\u0259tl\u0259ri do\u011furdu\u011funu ifad\u0259 edir.<\/p>\n","protected":false},"excerpt":{"rendered":"<p>&#8220;el elin aynas\u0131d\u0131r&#8221; atalar s\u00f6z\u00fcn\u00fcn m\u0259nas\u0131, insanlar\u0131n bir-birin\u0259 olan m\u00fcnasib\u0259tl\u0259rini v\u0259 davran\u0131\u015flar\u0131n\u0131 \u0259ks etdirir. Bu s\u00f6z, insanlar\u0131n bir-birin\u0259 nec\u0259 davrand\u0131\u011f\u0131n\u0131, ba\u015fqalar\u0131n\u0131n onlara nec\u0259 yana\u015faca\u011f\u0131n\u0131 g\u00f6st\u0259rir. Y\u0259ni, \u0259g\u0259r bir insan ba\u015fqalar\u0131na yax\u015f\u0131 davran\u0131rsa, o da eyni m\u00fcnasib\u0259ti alacaq. Bu atalar s\u00f6z\u00fc, sosial \u0259laq\u0259l\u0259rin v\u0259 qar\u015f\u0131l\u0131ql\u0131 h\u00f6rm\u0259tin \u0259h\u0259miyy\u0259tini vur\u011fulay\u0131r. Q\u0131sa M\u0259nas\u0131Bu atalar s\u00f6z\u00fc, insanlar\u0131n bir-birin\u0259 olan m\u00fcnasib\u0259tl\u0259rinin &#8230; <a title=\"El Elin Aynas\u0131d\u0131r\" class=\"read-more\" href=\"https:\/\/nedir.az\/atalar-sozleri\/el-elin-aynasidir-atalar-sozunun-menasi-nedir\" aria-label=\"Read more about El Elin Aynas\u0131d\u0131r\">Read more<\/a><\/p>\n","protected":false},"author":2,"featured_media":0,"comment_status":"open","ping_status":"open","sticky":false,"template":"","format":"standard","meta":{"footnotes":""},"categories":[1],"tags":[],"class_list":["post-6242","post","type-post","status-publish","format-standard","hentry","category-atalar-sozleri-atalar-sozu"],"aioseo_notices":[],"_links":{"self":[{"href":"https:\/\/nedir.az\/atalar-sozleri\/wp-json\/wp\/v2\/posts\/6242","targetHints":{"allow":["GET"]}}],"collection":[{"href":"https:\/\/nedir.az\/atalar-sozleri\/wp-json\/wp\/v2\/posts"}],"about":[{"href":"https:\/\/nedir.az\/atalar-sozleri\/wp-json\/wp\/v2\/types\/post"}],"author":[{"embeddable":true,"href":"https:\/\/nedir.az\/atalar-sozleri\/wp-json\/wp\/v2\/users\/2"}],"replies":[{"embeddable":true,"href":"https:\/\/nedir.az\/atalar-sozleri\/wp-json\/wp\/v2\/comments?post=6242"}],"version-history":[{"count":0,"href":"https:\/\/nedir.az\/atalar-sozleri\/wp-json\/wp\/v2\/posts\/6242\/revisions"}],"wp:attachment":[{"href":"https:\/\/nedir.az\/atalar-sozleri\/wp-json\/wp\/v2\/media?parent=6242"}],"wp:term":[{"taxonomy":"category","embeddable":true,"href":"https:\/\/nedir.az\/atalar-sozleri\/wp-json\/wp\/v2\/categories?post=6242"},{"taxonomy":"post_tag","embeddable":true,"href":"https:\/\/nedir.az\/atalar-sozleri\/wp-json\/wp\/v2\/tags?post=6242"}],"curies":[{"name":"wp","href":"https:\/\/api.w.org\/{rel}","templated":true}]}}