{"id":6239,"date":"2024-09-06T21:34:16","date_gmt":"2024-09-06T21:34:16","guid":{"rendered":""},"modified":"-0001-11-30T00:00:00","modified_gmt":"-0001-11-29T21:00:00","slug":"el-ele-dayandi-qeyli-qal-indi-oyandi","status":"publish","type":"post","link":"https:\/\/nedir.az\/atalar-sozleri\/el-ele-dayandi-qeyli-qal-indi-oyandi-atalar-sozunun-menasi-nedir","title":{"rendered":"El El\u0259 Dayand\u0131, Qeyli-qal Indi Oyand\u0131"},"content":{"rendered":"<p>&#8220;el el\u0259 dayand\u0131, qeyli-qal indi oyand\u0131&#8221; atalar s\u00f6z\u00fc, bir i\u015fin, hadis\u0259nin ya da v\u0259ziyy\u0259tin g\u00f6zl\u0259nilm\u0259z bir \u015f\u0259kild\u0259 d\u0259yi\u015fdiyini, ya da bir insan\u0131n bir \u015fey\u0259 diqq\u0259t yetirm\u0259diyi zaman ba\u015fqalar\u0131n\u0131n bu v\u0259ziyy\u0259td\u0259n faydaland\u0131\u011f\u0131n\u0131 ifad\u0259 edir. Bu s\u00f6z, insanlar\u0131n b\u0259z\u0259n \u00f6z i\u015fl\u0259rin\u0259 o q\u0259d\u0259r dal\u0131b ged\u0259 bil\u0259c\u0259yini, \u0259trafdak\u0131lar\u0131n is\u0259 bu v\u0259ziyy\u0259td\u0259n istifad\u0259 ed\u0259 bil\u0259c\u0259yini vur\u011fulay\u0131r. Y\u0259ni, diqq\u0259t yetirilm\u0259y\u0259n, ya da g\u00f6z ard\u0131 edil\u0259n \u015feyl\u0259rin, bir anda \u00f6n plana \u00e7\u0131xa bil\u0259c\u0259yini g\u00f6st\u0259rir.<\/p>\n<p><b>Q\u0131sa M\u0259nas\u0131<\/b><br \/>Bu atalar s\u00f6z\u00fc, diqq\u0259tsizlik n\u0259tic\u0259sind\u0259 ba\u015fqalar\u0131n\u0131n f\u00fcrs\u0259t \u0259ld\u0259 etm\u0259sini ifad\u0259 edir.<\/p>\n","protected":false},"excerpt":{"rendered":"<p>&#8220;el el\u0259 dayand\u0131, qeyli-qal indi oyand\u0131&#8221; atalar s\u00f6z\u00fc, bir i\u015fin, hadis\u0259nin ya da v\u0259ziyy\u0259tin g\u00f6zl\u0259nilm\u0259z bir \u015f\u0259kild\u0259 d\u0259yi\u015fdiyini, ya da bir insan\u0131n bir \u015fey\u0259 diqq\u0259t yetirm\u0259diyi zaman ba\u015fqalar\u0131n\u0131n bu v\u0259ziyy\u0259td\u0259n faydaland\u0131\u011f\u0131n\u0131 ifad\u0259 edir. Bu s\u00f6z, insanlar\u0131n b\u0259z\u0259n \u00f6z i\u015fl\u0259rin\u0259 o q\u0259d\u0259r dal\u0131b ged\u0259 bil\u0259c\u0259yini, \u0259trafdak\u0131lar\u0131n is\u0259 bu v\u0259ziyy\u0259td\u0259n istifad\u0259 ed\u0259 bil\u0259c\u0259yini vur\u011fulay\u0131r. Y\u0259ni, diqq\u0259t yetirilm\u0259y\u0259n, &#8230; <a title=\"El El\u0259 Dayand\u0131, Qeyli-qal Indi Oyand\u0131\" class=\"read-more\" href=\"https:\/\/nedir.az\/atalar-sozleri\/el-ele-dayandi-qeyli-qal-indi-oyandi-atalar-sozunun-menasi-nedir\" aria-label=\"Read more about El El\u0259 Dayand\u0131, Qeyli-qal Indi Oyand\u0131\">Read more<\/a><\/p>\n","protected":false},"author":2,"featured_media":0,"comment_status":"open","ping_status":"open","sticky":false,"template":"","format":"standard","meta":{"footnotes":""},"categories":[1],"tags":[],"class_list":["post-6239","post","type-post","status-publish","format-standard","hentry","category-atalar-sozleri-atalar-sozu"],"aioseo_notices":[],"_links":{"self":[{"href":"https:\/\/nedir.az\/atalar-sozleri\/wp-json\/wp\/v2\/posts\/6239","targetHints":{"allow":["GET"]}}],"collection":[{"href":"https:\/\/nedir.az\/atalar-sozleri\/wp-json\/wp\/v2\/posts"}],"about":[{"href":"https:\/\/nedir.az\/atalar-sozleri\/wp-json\/wp\/v2\/types\/post"}],"author":[{"embeddable":true,"href":"https:\/\/nedir.az\/atalar-sozleri\/wp-json\/wp\/v2\/users\/2"}],"replies":[{"embeddable":true,"href":"https:\/\/nedir.az\/atalar-sozleri\/wp-json\/wp\/v2\/comments?post=6239"}],"version-history":[{"count":0,"href":"https:\/\/nedir.az\/atalar-sozleri\/wp-json\/wp\/v2\/posts\/6239\/revisions"}],"wp:attachment":[{"href":"https:\/\/nedir.az\/atalar-sozleri\/wp-json\/wp\/v2\/media?parent=6239"}],"wp:term":[{"taxonomy":"category","embeddable":true,"href":"https:\/\/nedir.az\/atalar-sozleri\/wp-json\/wp\/v2\/categories?post=6239"},{"taxonomy":"post_tag","embeddable":true,"href":"https:\/\/nedir.az\/atalar-sozleri\/wp-json\/wp\/v2\/tags?post=6239"}],"curies":[{"name":"wp","href":"https:\/\/api.w.org\/{rel}","templated":true}]}}