{"id":6236,"date":"2024-09-06T21:34:16","date_gmt":"2024-09-06T21:34:16","guid":{"rendered":""},"modified":"-0001-11-30T00:00:00","modified_gmt":"-0001-11-29T21:00:00","slug":"el-el-ile-kecinmis-qardas-qardas-ile-kecinmemis","status":"publish","type":"post","link":"https:\/\/nedir.az\/atalar-sozleri\/el-el-ile-kecinmis-qardas-qardas-ile-kecinmemis-atalar-sozunun-menasi-nedir","title":{"rendered":"El El il\u0259 Ke\u00e7inmi\u015f, Qarda\u015f Qarda\u015f il\u0259 Ke\u00e7inm\u0259mi\u015f"},"content":{"rendered":"<p>&#8220;el el il\u0259 ke\u00e7inmi\u015f, qarda\u015f qarda\u015f il\u0259 ke\u00e7inm\u0259mi\u015f&#8221; atalar s\u00f6z\u00fc, insanlar\u0131n bir-biri il\u0259 m\u00fcnasib\u0259tl\u0259rinin v\u0259 \u0259laq\u0259l\u0259rinin nec\u0259 formala\u015fd\u0131\u011f\u0131n\u0131 vur\u011fulay\u0131r. Bu s\u00f6z, c\u0259miyy\u0259tin birliyinin, dostlu\u011fun v\u0259 h\u0259mr\u0259yliyin \u0259h\u0259miyy\u0259tini ifad\u0259 edir. Burada &#8220;el&#8221; c\u0259miyy\u0259ti, &#8220;qarda\u015f&#8221; is\u0259 yax\u0131n m\u00fcnasib\u0259tl\u0259ri simvoliz\u0259 edir. S\u00f6z\u00fcn m\u0259nas\u0131, insanlar\u0131n bir-biri il\u0259 dostluq v\u0259 \u0259m\u0259kda\u015fl\u0131q etm\u0259l\u0259rinin, c\u0259miyy\u0259tin birliyinin daha \u00f6n\u0259mli oldu\u011funu, lakin b\u0259z\u0259n yax\u0131n m\u00fcnasib\u0259tl\u0259rin d\u0259 \u00f6z \u00e7\u0259tinlikl\u0259ri oldu\u011funu g\u00f6st\u0259rir. Y\u0259ni, c\u0259miyy\u0259tin birliyi daha vacibdir, \u00e7\u00fcnki insanlar bir-biri il\u0259 daha asan \u0259laq\u0259 qura bilirl\u0259r.<\/p>\n<p><b>Q\u0131sa M\u0259nas\u0131<\/b><br \/> C\u0259miyy\u0259tin birliyi v\u0259 dostlu\u011fun \u0259h\u0259miyy\u0259tini vur\u011fulayan bir atalar s\u00f6z\u00fc.<\/p>\n","protected":false},"excerpt":{"rendered":"<p>&#8220;el el il\u0259 ke\u00e7inmi\u015f, qarda\u015f qarda\u015f il\u0259 ke\u00e7inm\u0259mi\u015f&#8221; atalar s\u00f6z\u00fc, insanlar\u0131n bir-biri il\u0259 m\u00fcnasib\u0259tl\u0259rinin v\u0259 \u0259laq\u0259l\u0259rinin nec\u0259 formala\u015fd\u0131\u011f\u0131n\u0131 vur\u011fulay\u0131r. Bu s\u00f6z, c\u0259miyy\u0259tin birliyinin, dostlu\u011fun v\u0259 h\u0259mr\u0259yliyin \u0259h\u0259miyy\u0259tini ifad\u0259 edir. Burada &#8220;el&#8221; c\u0259miyy\u0259ti, &#8220;qarda\u015f&#8221; is\u0259 yax\u0131n m\u00fcnasib\u0259tl\u0259ri simvoliz\u0259 edir. S\u00f6z\u00fcn m\u0259nas\u0131, insanlar\u0131n bir-biri il\u0259 dostluq v\u0259 \u0259m\u0259kda\u015fl\u0131q etm\u0259l\u0259rinin, c\u0259miyy\u0259tin birliyinin daha \u00f6n\u0259mli oldu\u011funu, lakin b\u0259z\u0259n yax\u0131n &#8230; <a title=\"El El il\u0259 Ke\u00e7inmi\u015f, Qarda\u015f Qarda\u015f il\u0259 Ke\u00e7inm\u0259mi\u015f\" class=\"read-more\" href=\"https:\/\/nedir.az\/atalar-sozleri\/el-el-ile-kecinmis-qardas-qardas-ile-kecinmemis-atalar-sozunun-menasi-nedir\" aria-label=\"Read more about El El il\u0259 Ke\u00e7inmi\u015f, Qarda\u015f Qarda\u015f il\u0259 Ke\u00e7inm\u0259mi\u015f\">Read more<\/a><\/p>\n","protected":false},"author":2,"featured_media":0,"comment_status":"open","ping_status":"open","sticky":false,"template":"","format":"standard","meta":{"footnotes":""},"categories":[1],"tags":[],"class_list":["post-6236","post","type-post","status-publish","format-standard","hentry","category-atalar-sozleri-atalar-sozu"],"aioseo_notices":[],"_links":{"self":[{"href":"https:\/\/nedir.az\/atalar-sozleri\/wp-json\/wp\/v2\/posts\/6236","targetHints":{"allow":["GET"]}}],"collection":[{"href":"https:\/\/nedir.az\/atalar-sozleri\/wp-json\/wp\/v2\/posts"}],"about":[{"href":"https:\/\/nedir.az\/atalar-sozleri\/wp-json\/wp\/v2\/types\/post"}],"author":[{"embeddable":true,"href":"https:\/\/nedir.az\/atalar-sozleri\/wp-json\/wp\/v2\/users\/2"}],"replies":[{"embeddable":true,"href":"https:\/\/nedir.az\/atalar-sozleri\/wp-json\/wp\/v2\/comments?post=6236"}],"version-history":[{"count":0,"href":"https:\/\/nedir.az\/atalar-sozleri\/wp-json\/wp\/v2\/posts\/6236\/revisions"}],"wp:attachment":[{"href":"https:\/\/nedir.az\/atalar-sozleri\/wp-json\/wp\/v2\/media?parent=6236"}],"wp:term":[{"taxonomy":"category","embeddable":true,"href":"https:\/\/nedir.az\/atalar-sozleri\/wp-json\/wp\/v2\/categories?post=6236"},{"taxonomy":"post_tag","embeddable":true,"href":"https:\/\/nedir.az\/atalar-sozleri\/wp-json\/wp\/v2\/tags?post=6236"}],"curies":[{"name":"wp","href":"https:\/\/api.w.org\/{rel}","templated":true}]}}