{"id":6235,"date":"2024-09-06T21:34:16","date_gmt":"2024-09-06T21:34:16","guid":{"rendered":""},"modified":"-0001-11-30T00:00:00","modified_gmt":"-0001-11-29T21:00:00","slug":"el-el-ile-deyirman-yel-ile","status":"publish","type":"post","link":"https:\/\/nedir.az\/atalar-sozleri\/el-el-ile-deyirman-yel-ile-atalar-sozunun-menasi-nedir","title":{"rendered":"El El Il\u0259, D\u0259yirman Yel il\u0259"},"content":{"rendered":"<p>&#8220;el el il\u0259, d\u0259yirman yel il\u0259&#8221; atalar s\u00f6z\u00fc, insanlar\u0131n bir-biri il\u0259 \u0259m\u0259kda\u015fl\u0131q etm\u0259sinin, birg\u0259 \u00e7al\u0131\u015fmas\u0131n\u0131n v\u0259 birg\u0259 f\u0259aliyy\u0259tin \u0259h\u0259miyy\u0259tini vur\u011fulay\u0131r. Bu s\u00f6z, c\u0259miyy\u0259tin v\u0259 ya bir qrupun birg\u0259 \u00e7al\u0131\u015faraq daha b\u00f6y\u00fck nailiyy\u0259tl\u0259r \u0259ld\u0259 ed\u0259 bil\u0259c\u0259yini ifad\u0259 edir. H\u0259r k\u0259sin \u00f6z bacar\u0131qlar\u0131 v\u0259 resurslar\u0131 il\u0259 bir araya g\u0259l\u0259r\u0259k daha g\u00fccl\u00fc v\u0259 t\u0259sirli ola bil\u0259c\u0259yini g\u00f6st\u0259rir. Bu atalar s\u00f6z\u00fc, h\u0259m\u00e7inin bir i\u015fin g\u00f6r\u00fclm\u0259si \u00fc\u00e7\u00fcn birg\u0259 \u0259m\u0259kda\u015fl\u0131\u011f\u0131n vacibliyini d\u0259 qeyd edir.<\/p>\n<p><b>Q\u0131sa M\u0259nas\u0131<\/b><br \/>Birg\u0259 \u0259m\u0259kda\u015fl\u0131\u011f\u0131n v\u0259 bir araya g\u0259lm\u0259nin \u0259h\u0259miyy\u0259tini vur\u011fulay\u0131r.<\/p>\n","protected":false},"excerpt":{"rendered":"<p>&#8220;el el il\u0259, d\u0259yirman yel il\u0259&#8221; atalar s\u00f6z\u00fc, insanlar\u0131n bir-biri il\u0259 \u0259m\u0259kda\u015fl\u0131q etm\u0259sinin, birg\u0259 \u00e7al\u0131\u015fmas\u0131n\u0131n v\u0259 birg\u0259 f\u0259aliyy\u0259tin \u0259h\u0259miyy\u0259tini vur\u011fulay\u0131r. Bu s\u00f6z, c\u0259miyy\u0259tin v\u0259 ya bir qrupun birg\u0259 \u00e7al\u0131\u015faraq daha b\u00f6y\u00fck nailiyy\u0259tl\u0259r \u0259ld\u0259 ed\u0259 bil\u0259c\u0259yini ifad\u0259 edir. H\u0259r k\u0259sin \u00f6z bacar\u0131qlar\u0131 v\u0259 resurslar\u0131 il\u0259 bir araya g\u0259l\u0259r\u0259k daha g\u00fccl\u00fc v\u0259 t\u0259sirli ola bil\u0259c\u0259yini g\u00f6st\u0259rir. Bu &#8230; <a title=\"El El Il\u0259, D\u0259yirman Yel il\u0259\" class=\"read-more\" href=\"https:\/\/nedir.az\/atalar-sozleri\/el-el-ile-deyirman-yel-ile-atalar-sozunun-menasi-nedir\" aria-label=\"Read more about El El Il\u0259, D\u0259yirman Yel il\u0259\">Read more<\/a><\/p>\n","protected":false},"author":2,"featured_media":0,"comment_status":"open","ping_status":"open","sticky":false,"template":"","format":"standard","meta":{"footnotes":""},"categories":[1],"tags":[],"class_list":["post-6235","post","type-post","status-publish","format-standard","hentry","category-atalar-sozleri-atalar-sozu"],"aioseo_notices":[],"_links":{"self":[{"href":"https:\/\/nedir.az\/atalar-sozleri\/wp-json\/wp\/v2\/posts\/6235","targetHints":{"allow":["GET"]}}],"collection":[{"href":"https:\/\/nedir.az\/atalar-sozleri\/wp-json\/wp\/v2\/posts"}],"about":[{"href":"https:\/\/nedir.az\/atalar-sozleri\/wp-json\/wp\/v2\/types\/post"}],"author":[{"embeddable":true,"href":"https:\/\/nedir.az\/atalar-sozleri\/wp-json\/wp\/v2\/users\/2"}],"replies":[{"embeddable":true,"href":"https:\/\/nedir.az\/atalar-sozleri\/wp-json\/wp\/v2\/comments?post=6235"}],"version-history":[{"count":0,"href":"https:\/\/nedir.az\/atalar-sozleri\/wp-json\/wp\/v2\/posts\/6235\/revisions"}],"wp:attachment":[{"href":"https:\/\/nedir.az\/atalar-sozleri\/wp-json\/wp\/v2\/media?parent=6235"}],"wp:term":[{"taxonomy":"category","embeddable":true,"href":"https:\/\/nedir.az\/atalar-sozleri\/wp-json\/wp\/v2\/categories?post=6235"},{"taxonomy":"post_tag","embeddable":true,"href":"https:\/\/nedir.az\/atalar-sozleri\/wp-json\/wp\/v2\/tags?post=6235"}],"curies":[{"name":"wp","href":"https:\/\/api.w.org\/{rel}","templated":true}]}}