{"id":6234,"date":"2024-09-06T21:34:16","date_gmt":"2024-09-06T21:34:16","guid":{"rendered":""},"modified":"-0001-11-30T00:00:00","modified_gmt":"-0001-11-29T21:00:00","slug":"el-delisiz-olmaz","status":"publish","type":"post","link":"https:\/\/nedir.az\/atalar-sozleri\/el-delisiz-olmaz-atalar-sozunun-menasi-nedir","title":{"rendered":"El D\u0259lisiz Olmaz"},"content":{"rendered":"<p>&#8220;el d\u0259lisiz olmaz&#8221; atalar s\u00f6z\u00fcn\u00fcn m\u0259nas\u0131, bir i\u015fin, f\u0259aliyy\u0259tin v\u0259 ya bir c\u0259miyy\u0259tin d\u00fczg\u00fcn v\u0259 s\u0259m\u0259r\u0259li \u015f\u0259kild\u0259 h\u0259yata ke\u00e7irilm\u0259si \u00fc\u00e7\u00fcn insanlar\u0131n bir araya g\u0259lm\u0259sinin, \u0259m\u0259kda\u015fl\u0131\u011f\u0131n v\u0259 birg\u0259 \u00e7al\u0131\u015fman\u0131n vacibliyini vur\u011fulay\u0131r. Bu atalar s\u00f6z\u00fc, t\u0259k ba\u015f\u0131na bir \u015feyin m\u00fcmk\u00fcn olmad\u0131\u011f\u0131n\u0131, h\u0259r zaman bir d\u0259st\u0259y\u0259, birliy\u0259 ehtiyac oldu\u011funu ifad\u0259 edir. \u0130nsanlar\u0131n bir-birin\u0259 d\u0259st\u0259k olmas\u0131, birg\u0259 \u00e7al\u0131\u015fmas\u0131, u\u011fur qazanmaq \u00fc\u00e7\u00fcn \u0259sas \u015f\u0259rtl\u0259rd\u0259ndir.<\/p>\n<p><b>Q\u0131sa M\u0259nas\u0131<\/b> <br \/> \u0130nsanlar\u0131n bir araya g\u0259l\u0259r\u0259k i\u015fl\u0259m\u0259sinin vacibliyini vur\u011fulay\u0131r.<\/p>\n","protected":false},"excerpt":{"rendered":"<p>&#8220;el d\u0259lisiz olmaz&#8221; atalar s\u00f6z\u00fcn\u00fcn m\u0259nas\u0131, bir i\u015fin, f\u0259aliyy\u0259tin v\u0259 ya bir c\u0259miyy\u0259tin d\u00fczg\u00fcn v\u0259 s\u0259m\u0259r\u0259li \u015f\u0259kild\u0259 h\u0259yata ke\u00e7irilm\u0259si \u00fc\u00e7\u00fcn insanlar\u0131n bir araya g\u0259lm\u0259sinin, \u0259m\u0259kda\u015fl\u0131\u011f\u0131n v\u0259 birg\u0259 \u00e7al\u0131\u015fman\u0131n vacibliyini vur\u011fulay\u0131r. Bu atalar s\u00f6z\u00fc, t\u0259k ba\u015f\u0131na bir \u015feyin m\u00fcmk\u00fcn olmad\u0131\u011f\u0131n\u0131, h\u0259r zaman bir d\u0259st\u0259y\u0259, birliy\u0259 ehtiyac oldu\u011funu ifad\u0259 edir. \u0130nsanlar\u0131n bir-birin\u0259 d\u0259st\u0259k olmas\u0131, birg\u0259 \u00e7al\u0131\u015fmas\u0131, u\u011fur &#8230; <a title=\"El D\u0259lisiz Olmaz\" class=\"read-more\" href=\"https:\/\/nedir.az\/atalar-sozleri\/el-delisiz-olmaz-atalar-sozunun-menasi-nedir\" aria-label=\"Read more about El D\u0259lisiz Olmaz\">Read more<\/a><\/p>\n","protected":false},"author":2,"featured_media":0,"comment_status":"open","ping_status":"open","sticky":false,"template":"","format":"standard","meta":{"footnotes":""},"categories":[1],"tags":[],"class_list":["post-6234","post","type-post","status-publish","format-standard","hentry","category-atalar-sozleri-atalar-sozu"],"aioseo_notices":[],"_links":{"self":[{"href":"https:\/\/nedir.az\/atalar-sozleri\/wp-json\/wp\/v2\/posts\/6234","targetHints":{"allow":["GET"]}}],"collection":[{"href":"https:\/\/nedir.az\/atalar-sozleri\/wp-json\/wp\/v2\/posts"}],"about":[{"href":"https:\/\/nedir.az\/atalar-sozleri\/wp-json\/wp\/v2\/types\/post"}],"author":[{"embeddable":true,"href":"https:\/\/nedir.az\/atalar-sozleri\/wp-json\/wp\/v2\/users\/2"}],"replies":[{"embeddable":true,"href":"https:\/\/nedir.az\/atalar-sozleri\/wp-json\/wp\/v2\/comments?post=6234"}],"version-history":[{"count":0,"href":"https:\/\/nedir.az\/atalar-sozleri\/wp-json\/wp\/v2\/posts\/6234\/revisions"}],"wp:attachment":[{"href":"https:\/\/nedir.az\/atalar-sozleri\/wp-json\/wp\/v2\/media?parent=6234"}],"wp:term":[{"taxonomy":"category","embeddable":true,"href":"https:\/\/nedir.az\/atalar-sozleri\/wp-json\/wp\/v2\/categories?post=6234"},{"taxonomy":"post_tag","embeddable":true,"href":"https:\/\/nedir.az\/atalar-sozleri\/wp-json\/wp\/v2\/tags?post=6234"}],"curies":[{"name":"wp","href":"https:\/\/api.w.org\/{rel}","templated":true}]}}