{"id":6231,"date":"2024-09-06T21:34:16","date_gmt":"2024-09-06T21:34:16","guid":{"rendered":""},"modified":"-0001-11-30T00:00:00","modified_gmt":"-0001-11-29T21:00:00","slug":"el-deli-olsa-mollaya-geder-molla-deli-olsa-kime-geder","status":"publish","type":"post","link":"https:\/\/nedir.az\/atalar-sozleri\/el-deli-olsa-mollaya-geder-molla-deli-olsa-kime-geder-atalar-sozunun-menasi-nedir","title":{"rendered":"El D\u0259li Olsa, Mollaya Ged\u0259r, Molla D\u0259li Olsa Kim\u0259 Ged\u0259r"},"content":{"rendered":"<p>&#8220;el d\u0259li olsa, mollaya ged\u0259r, molla d\u0259li olsa kim\u0259 ged\u0259r&#8221; atalar s\u00f6z\u00fc, c\u0259miyy\u0259tin v\u0259 ya bir qrupun v\u0259ziyy\u0259tinin n\u0259 q\u0259d\u0259r \u00e7\u0259tin v\u0259 ya absurd oldu\u011funu ifad\u0259 edir. Bu s\u00f6z, insanlar\u0131n bir-birin\u0259 m\u00fcraci\u0259t etm\u0259sinin, yard\u0131m ist\u0259m\u0259sinin v\u0259 ya bir \u015feyin h\u0259llini tapmas\u0131n\u0131n z\u0259ruriliyini vur\u011fulay\u0131r. Burada &#8220;el&#8221; c\u0259miyy\u0259t, &#8220;molla&#8221; is\u0259 dini v\u0259 ya bilikli bir \u015f\u0259xsi simvoliz\u0259 edir. \u018fg\u0259r c\u0259miyy\u0259tin v\u0259ziyy\u0259ti pisdirs\u0259, insanlar bilikli \u015f\u0259xsl\u0259r\u0259, y\u0259ni mollalara m\u00fcraci\u0259t edirl\u0259r. Ancaq \u0259g\u0259r mollan\u0131n \u00f6z\u00fc d\u0259 d\u0259li olarsa, o zaman kimin\u0259 m\u00fcraci\u0259t edil\u0259c\u0259yi sual alt\u0131na d\u00fc\u015f\u00fcr. Bu, c\u0259miyy\u0259tin \u00e7\u0259tinlikl\u0259rinin d\u0259rinliyini v\u0259 insanlar\u0131n \u00e7\u0131x\u0131\u015f yolu axtar\u0131\u015f\u0131n\u0131 g\u00f6st\u0259rir.<\/p>\n<p><b>Q\u0131sa M\u0259nas\u0131<\/b><br \/>Bu atalar s\u00f6z\u00fc, c\u0259miyy\u0259tin \u00e7\u0259tin v\u0259ziyy\u0259tini v\u0259 \u00e7\u0131x\u0131\u015f yolu axtar\u0131\u015f\u0131n\u0131 ifad\u0259 edir.<\/p>\n","protected":false},"excerpt":{"rendered":"<p>&#8220;el d\u0259li olsa, mollaya ged\u0259r, molla d\u0259li olsa kim\u0259 ged\u0259r&#8221; atalar s\u00f6z\u00fc, c\u0259miyy\u0259tin v\u0259 ya bir qrupun v\u0259ziyy\u0259tinin n\u0259 q\u0259d\u0259r \u00e7\u0259tin v\u0259 ya absurd oldu\u011funu ifad\u0259 edir. Bu s\u00f6z, insanlar\u0131n bir-birin\u0259 m\u00fcraci\u0259t etm\u0259sinin, yard\u0131m ist\u0259m\u0259sinin v\u0259 ya bir \u015feyin h\u0259llini tapmas\u0131n\u0131n z\u0259ruriliyini vur\u011fulay\u0131r. Burada &#8220;el&#8221; c\u0259miyy\u0259t, &#8220;molla&#8221; is\u0259 dini v\u0259 ya bilikli bir \u015f\u0259xsi simvoliz\u0259 &#8230; <a title=\"El D\u0259li Olsa, Mollaya Ged\u0259r, Molla D\u0259li Olsa Kim\u0259 Ged\u0259r\" class=\"read-more\" href=\"https:\/\/nedir.az\/atalar-sozleri\/el-deli-olsa-mollaya-geder-molla-deli-olsa-kime-geder-atalar-sozunun-menasi-nedir\" aria-label=\"Read more about El D\u0259li Olsa, Mollaya Ged\u0259r, Molla D\u0259li Olsa Kim\u0259 Ged\u0259r\">Read more<\/a><\/p>\n","protected":false},"author":2,"featured_media":0,"comment_status":"open","ping_status":"open","sticky":false,"template":"","format":"standard","meta":{"footnotes":""},"categories":[1],"tags":[],"class_list":["post-6231","post","type-post","status-publish","format-standard","hentry","category-atalar-sozleri-atalar-sozu"],"aioseo_notices":[],"_links":{"self":[{"href":"https:\/\/nedir.az\/atalar-sozleri\/wp-json\/wp\/v2\/posts\/6231","targetHints":{"allow":["GET"]}}],"collection":[{"href":"https:\/\/nedir.az\/atalar-sozleri\/wp-json\/wp\/v2\/posts"}],"about":[{"href":"https:\/\/nedir.az\/atalar-sozleri\/wp-json\/wp\/v2\/types\/post"}],"author":[{"embeddable":true,"href":"https:\/\/nedir.az\/atalar-sozleri\/wp-json\/wp\/v2\/users\/2"}],"replies":[{"embeddable":true,"href":"https:\/\/nedir.az\/atalar-sozleri\/wp-json\/wp\/v2\/comments?post=6231"}],"version-history":[{"count":0,"href":"https:\/\/nedir.az\/atalar-sozleri\/wp-json\/wp\/v2\/posts\/6231\/revisions"}],"wp:attachment":[{"href":"https:\/\/nedir.az\/atalar-sozleri\/wp-json\/wp\/v2\/media?parent=6231"}],"wp:term":[{"taxonomy":"category","embeddable":true,"href":"https:\/\/nedir.az\/atalar-sozleri\/wp-json\/wp\/v2\/categories?post=6231"},{"taxonomy":"post_tag","embeddable":true,"href":"https:\/\/nedir.az\/atalar-sozleri\/wp-json\/wp\/v2\/tags?post=6231"}],"curies":[{"name":"wp","href":"https:\/\/api.w.org\/{rel}","templated":true}]}}