{"id":6229,"date":"2024-09-06T21:34:16","date_gmt":"2024-09-06T21:34:16","guid":{"rendered":""},"modified":"-0001-11-30T00:00:00","modified_gmt":"-0001-11-29T21:00:00","slug":"el-dedikce-saxlamaq-olmaz","status":"publish","type":"post","link":"https:\/\/nedir.az\/atalar-sozleri\/el-dedikce-saxlamaq-olmaz-atalar-sozunun-menasi-nedir","title":{"rendered":"El Dedikc\u0259 Saxlamaq Olmaz"},"content":{"rendered":"<p>&#8220;el dedikc\u0259 saxlamaq olmaz&#8221; atalar s\u00f6z\u00fcn\u00fcn m\u0259nas\u0131, insanlar\u0131n bir-birin\u0259 olan m\u00fcnasib\u0259tl\u0259rind\u0259, x\u00fcsusil\u0259 d\u0259 dostluq v\u0259 \u0259m\u0259kda\u015fl\u0131qda, qar\u015f\u0131l\u0131ql\u0131 d\u0259st\u0259yin v\u0259 yard\u0131m\u0131n vacibliyini vur\u011fulay\u0131r. Bu atalar s\u00f6z\u00fc, bir insan\u0131n ba\u015fqalar\u0131na yard\u0131m etm\u0259si, onlarla birg\u0259 \u00e7al\u0131\u015fmas\u0131 v\u0259 onlar\u0131n fikirl\u0259rini dinl\u0259m\u0259si laz\u0131m oldu\u011funu bildirir. H\u0259m\u00e7inin, bu ifad\u0259, insanlar\u0131n bir-birin\u0259 olan ba\u011fl\u0131l\u0131\u011f\u0131n\u0131, birg\u0259 f\u0259aliyy\u0259tin \u0259h\u0259miyy\u0259tini v\u0259 c\u0259miyy\u0259tin birliyini \u00f6n\u0259 \u00e7\u0131xar\u0131r.<\/p>\n<p><b>Q\u0131sa M\u0259nas\u0131<\/b><br \/> Bu atalar s\u00f6z\u00fc, insanlar\u0131n bir-birin\u0259 yard\u0131m etm\u0259sinin v\u0259 birg\u0259 \u00e7al\u0131\u015fmas\u0131n\u0131n vacibliyini vur\u011fulay\u0131r.<\/p>\n","protected":false},"excerpt":{"rendered":"<p>&#8220;el dedikc\u0259 saxlamaq olmaz&#8221; atalar s\u00f6z\u00fcn\u00fcn m\u0259nas\u0131, insanlar\u0131n bir-birin\u0259 olan m\u00fcnasib\u0259tl\u0259rind\u0259, x\u00fcsusil\u0259 d\u0259 dostluq v\u0259 \u0259m\u0259kda\u015fl\u0131qda, qar\u015f\u0131l\u0131ql\u0131 d\u0259st\u0259yin v\u0259 yard\u0131m\u0131n vacibliyini vur\u011fulay\u0131r. Bu atalar s\u00f6z\u00fc, bir insan\u0131n ba\u015fqalar\u0131na yard\u0131m etm\u0259si, onlarla birg\u0259 \u00e7al\u0131\u015fmas\u0131 v\u0259 onlar\u0131n fikirl\u0259rini dinl\u0259m\u0259si laz\u0131m oldu\u011funu bildirir. H\u0259m\u00e7inin, bu ifad\u0259, insanlar\u0131n bir-birin\u0259 olan ba\u011fl\u0131l\u0131\u011f\u0131n\u0131, birg\u0259 f\u0259aliyy\u0259tin \u0259h\u0259miyy\u0259tini v\u0259 c\u0259miyy\u0259tin birliyini \u00f6n\u0259 \u00e7\u0131xar\u0131r. &#8230; <a title=\"El Dedikc\u0259 Saxlamaq Olmaz\" class=\"read-more\" href=\"https:\/\/nedir.az\/atalar-sozleri\/el-dedikce-saxlamaq-olmaz-atalar-sozunun-menasi-nedir\" aria-label=\"Read more about El Dedikc\u0259 Saxlamaq Olmaz\">Read more<\/a><\/p>\n","protected":false},"author":2,"featured_media":0,"comment_status":"open","ping_status":"open","sticky":false,"template":"","format":"standard","meta":{"footnotes":""},"categories":[1],"tags":[],"class_list":["post-6229","post","type-post","status-publish","format-standard","hentry","category-atalar-sozleri-atalar-sozu"],"aioseo_notices":[],"_links":{"self":[{"href":"https:\/\/nedir.az\/atalar-sozleri\/wp-json\/wp\/v2\/posts\/6229","targetHints":{"allow":["GET"]}}],"collection":[{"href":"https:\/\/nedir.az\/atalar-sozleri\/wp-json\/wp\/v2\/posts"}],"about":[{"href":"https:\/\/nedir.az\/atalar-sozleri\/wp-json\/wp\/v2\/types\/post"}],"author":[{"embeddable":true,"href":"https:\/\/nedir.az\/atalar-sozleri\/wp-json\/wp\/v2\/users\/2"}],"replies":[{"embeddable":true,"href":"https:\/\/nedir.az\/atalar-sozleri\/wp-json\/wp\/v2\/comments?post=6229"}],"version-history":[{"count":0,"href":"https:\/\/nedir.az\/atalar-sozleri\/wp-json\/wp\/v2\/posts\/6229\/revisions"}],"wp:attachment":[{"href":"https:\/\/nedir.az\/atalar-sozleri\/wp-json\/wp\/v2\/media?parent=6229"}],"wp:term":[{"taxonomy":"category","embeddable":true,"href":"https:\/\/nedir.az\/atalar-sozleri\/wp-json\/wp\/v2\/categories?post=6229"},{"taxonomy":"post_tag","embeddable":true,"href":"https:\/\/nedir.az\/atalar-sozleri\/wp-json\/wp\/v2\/tags?post=6229"}],"curies":[{"name":"wp","href":"https:\/\/api.w.org\/{rel}","templated":true}]}}