{"id":6228,"date":"2024-09-06T21:34:16","date_gmt":"2024-09-06T21:34:16","guid":{"rendered":""},"modified":"-0001-11-30T00:00:00","modified_gmt":"-0001-11-29T21:00:00","slug":"el-daglara-dayanib-ciraqli-indi-oyanib","status":"publish","type":"post","link":"https:\/\/nedir.az\/atalar-sozleri\/el-daglara-dayanib-ciraqli-indi-oyanib-atalar-sozunun-menasi-nedir","title":{"rendered":"El Da\u011flara Dayan\u0131b, \u00c7\u0131raql\u0131 Indi Oyan\u0131b"},"content":{"rendered":"<p>&#8220;el da\u011flara dayan\u0131b, \u00e7\u0131raql\u0131 indi oyan\u0131b&#8221; atalar s\u00f6z\u00fc, bir \u015feyin gecikdiyini, ya da bir i\u015fin ba\u015flama vaxt\u0131n\u0131n art\u0131q ke\u00e7diyini ifad\u0259 edir. Bu s\u00f6z, insanlar\u0131n bir i\u015f\u0259 ya da hadis\u0259y\u0259 haz\u0131rl\u0131qs\u0131z, ya da gecikmi\u015f bir \u015f\u0259kild\u0259 yana\u015fd\u0131qlar\u0131n\u0131 vur\u011fulay\u0131r. H\u0259m\u00e7inin, bu atalar s\u00f6z\u00fc, bir \u015feyin ba\u015flamaq \u00fc\u00e7\u00fcn uy\u011fun vaxt\u0131n\u0131n art\u0131q ke\u00e7diyini, amma h\u0259l\u0259 d\u0259 ba\u015flanmad\u0131\u011f\u0131n\u0131 g\u00f6st\u0259rir. <\/p>\n<p><b>Q\u0131sa M\u0259nas\u0131<\/b><br \/>Gecikmi\u015f bir i\u015fin, hadis\u0259nin ya da haz\u0131rl\u0131\u011f\u0131n ba\u015flanmas\u0131.<\/p>\n","protected":false},"excerpt":{"rendered":"<p>&#8220;el da\u011flara dayan\u0131b, \u00e7\u0131raql\u0131 indi oyan\u0131b&#8221; atalar s\u00f6z\u00fc, bir \u015feyin gecikdiyini, ya da bir i\u015fin ba\u015flama vaxt\u0131n\u0131n art\u0131q ke\u00e7diyini ifad\u0259 edir. Bu s\u00f6z, insanlar\u0131n bir i\u015f\u0259 ya da hadis\u0259y\u0259 haz\u0131rl\u0131qs\u0131z, ya da gecikmi\u015f bir \u015f\u0259kild\u0259 yana\u015fd\u0131qlar\u0131n\u0131 vur\u011fulay\u0131r. H\u0259m\u00e7inin, bu atalar s\u00f6z\u00fc, bir \u015feyin ba\u015flamaq \u00fc\u00e7\u00fcn uy\u011fun vaxt\u0131n\u0131n art\u0131q ke\u00e7diyini, amma h\u0259l\u0259 d\u0259 ba\u015flanmad\u0131\u011f\u0131n\u0131 g\u00f6st\u0259rir. Q\u0131sa &#8230; <a title=\"El Da\u011flara Dayan\u0131b, \u00c7\u0131raql\u0131 Indi Oyan\u0131b\" class=\"read-more\" href=\"https:\/\/nedir.az\/atalar-sozleri\/el-daglara-dayanib-ciraqli-indi-oyanib-atalar-sozunun-menasi-nedir\" aria-label=\"Read more about El Da\u011flara Dayan\u0131b, \u00c7\u0131raql\u0131 Indi Oyan\u0131b\">Read more<\/a><\/p>\n","protected":false},"author":2,"featured_media":0,"comment_status":"open","ping_status":"open","sticky":false,"template":"","format":"standard","meta":{"footnotes":""},"categories":[1],"tags":[],"class_list":["post-6228","post","type-post","status-publish","format-standard","hentry","category-atalar-sozleri-atalar-sozu"],"aioseo_notices":[],"_links":{"self":[{"href":"https:\/\/nedir.az\/atalar-sozleri\/wp-json\/wp\/v2\/posts\/6228","targetHints":{"allow":["GET"]}}],"collection":[{"href":"https:\/\/nedir.az\/atalar-sozleri\/wp-json\/wp\/v2\/posts"}],"about":[{"href":"https:\/\/nedir.az\/atalar-sozleri\/wp-json\/wp\/v2\/types\/post"}],"author":[{"embeddable":true,"href":"https:\/\/nedir.az\/atalar-sozleri\/wp-json\/wp\/v2\/users\/2"}],"replies":[{"embeddable":true,"href":"https:\/\/nedir.az\/atalar-sozleri\/wp-json\/wp\/v2\/comments?post=6228"}],"version-history":[{"count":0,"href":"https:\/\/nedir.az\/atalar-sozleri\/wp-json\/wp\/v2\/posts\/6228\/revisions"}],"wp:attachment":[{"href":"https:\/\/nedir.az\/atalar-sozleri\/wp-json\/wp\/v2\/media?parent=6228"}],"wp:term":[{"taxonomy":"category","embeddable":true,"href":"https:\/\/nedir.az\/atalar-sozleri\/wp-json\/wp\/v2\/categories?post=6228"},{"taxonomy":"post_tag","embeddable":true,"href":"https:\/\/nedir.az\/atalar-sozleri\/wp-json\/wp\/v2\/tags?post=6228"}],"curies":[{"name":"wp","href":"https:\/\/api.w.org\/{rel}","templated":true}]}}