{"id":6227,"date":"2024-09-06T21:34:16","date_gmt":"2024-09-06T21:34:16","guid":{"rendered":""},"modified":"-0001-11-30T00:00:00","modified_gmt":"-0001-11-29T21:00:00","slug":"el-calan-zurnanin-sesi-uzaga-geder","status":"publish","type":"post","link":"https:\/\/nedir.az\/atalar-sozleri\/el-calan-zurnanin-sesi-uzaga-geder-atalar-sozunun-menasi-nedir","title":{"rendered":"El \u00c7alan Zurnan\u0131n S\u0259si Uza\u011fa Ged\u0259r"},"content":{"rendered":"<p>&#8220;el \u00e7alan zurnan\u0131n s\u0259si uza\u011fa ged\u0259r&#8221; atalar s\u00f6z\u00fc, bir insan\u0131n, bir c\u0259miyy\u0259tin v\u0259 ya bir i\u015fin m\u00fcsb\u0259t v\u0259 ya m\u0259nfi t\u0259sirl\u0259rinin geni\u015f bir m\u00fchit\u0259 yay\u0131laca\u011f\u0131n\u0131 ifad\u0259 edir. Bu s\u00f6z, bir insan\u0131n etdiyi yax\u015f\u0131 i\u015fl\u0259rin, nailiyy\u0259tl\u0259rin v\u0259 ya davran\u0131\u015flar\u0131n ba\u015fqalar\u0131na t\u0259sir ed\u0259c\u0259yini, eyni zamanda pis davran\u0131\u015flar\u0131n da eyni \u015f\u0259kild\u0259 yay\u0131laca\u011f\u0131n\u0131 vur\u011fulay\u0131r. Y\u0259ni, insan\u0131n etdiyi h\u0259r bir \u015fey, onun \u0259traf\u0131ndak\u0131 insanlar t\u0259r\u0259find\u0259n e\u015fidilir v\u0259 g\u00f6r\u00fcl\u00fcr, bu da onun reputasiyas\u0131n\u0131 formala\u015fd\u0131r\u0131r. <\/p>\n<p><b>Q\u0131sa M\u0259nas\u0131<\/b><br \/> Yax\u015f\u0131 v\u0259 ya pis davran\u0131\u015flar\u0131n t\u0259sirinin geni\u015f m\u00fchit\u0259 yay\u0131lmas\u0131.<\/p>\n","protected":false},"excerpt":{"rendered":"<p>&#8220;el \u00e7alan zurnan\u0131n s\u0259si uza\u011fa ged\u0259r&#8221; atalar s\u00f6z\u00fc, bir insan\u0131n, bir c\u0259miyy\u0259tin v\u0259 ya bir i\u015fin m\u00fcsb\u0259t v\u0259 ya m\u0259nfi t\u0259sirl\u0259rinin geni\u015f bir m\u00fchit\u0259 yay\u0131laca\u011f\u0131n\u0131 ifad\u0259 edir. Bu s\u00f6z, bir insan\u0131n etdiyi yax\u015f\u0131 i\u015fl\u0259rin, nailiyy\u0259tl\u0259rin v\u0259 ya davran\u0131\u015flar\u0131n ba\u015fqalar\u0131na t\u0259sir ed\u0259c\u0259yini, eyni zamanda pis davran\u0131\u015flar\u0131n da eyni \u015f\u0259kild\u0259 yay\u0131laca\u011f\u0131n\u0131 vur\u011fulay\u0131r. Y\u0259ni, insan\u0131n etdiyi h\u0259r bir &#8230; <a title=\"El \u00c7alan Zurnan\u0131n S\u0259si Uza\u011fa Ged\u0259r\" class=\"read-more\" href=\"https:\/\/nedir.az\/atalar-sozleri\/el-calan-zurnanin-sesi-uzaga-geder-atalar-sozunun-menasi-nedir\" aria-label=\"Read more about El \u00c7alan Zurnan\u0131n S\u0259si Uza\u011fa Ged\u0259r\">Read more<\/a><\/p>\n","protected":false},"author":2,"featured_media":0,"comment_status":"open","ping_status":"open","sticky":false,"template":"","format":"standard","meta":{"footnotes":""},"categories":[1],"tags":[],"class_list":["post-6227","post","type-post","status-publish","format-standard","hentry","category-atalar-sozleri-atalar-sozu"],"aioseo_notices":[],"_links":{"self":[{"href":"https:\/\/nedir.az\/atalar-sozleri\/wp-json\/wp\/v2\/posts\/6227","targetHints":{"allow":["GET"]}}],"collection":[{"href":"https:\/\/nedir.az\/atalar-sozleri\/wp-json\/wp\/v2\/posts"}],"about":[{"href":"https:\/\/nedir.az\/atalar-sozleri\/wp-json\/wp\/v2\/types\/post"}],"author":[{"embeddable":true,"href":"https:\/\/nedir.az\/atalar-sozleri\/wp-json\/wp\/v2\/users\/2"}],"replies":[{"embeddable":true,"href":"https:\/\/nedir.az\/atalar-sozleri\/wp-json\/wp\/v2\/comments?post=6227"}],"version-history":[{"count":0,"href":"https:\/\/nedir.az\/atalar-sozleri\/wp-json\/wp\/v2\/posts\/6227\/revisions"}],"wp:attachment":[{"href":"https:\/\/nedir.az\/atalar-sozleri\/wp-json\/wp\/v2\/media?parent=6227"}],"wp:term":[{"taxonomy":"category","embeddable":true,"href":"https:\/\/nedir.az\/atalar-sozleri\/wp-json\/wp\/v2\/categories?post=6227"},{"taxonomy":"post_tag","embeddable":true,"href":"https:\/\/nedir.az\/atalar-sozleri\/wp-json\/wp\/v2\/tags?post=6227"}],"curies":[{"name":"wp","href":"https:\/\/api.w.org\/{rel}","templated":true}]}}