{"id":6225,"date":"2024-09-06T21:34:16","date_gmt":"2024-09-06T21:34:16","guid":{"rendered":""},"modified":"-0001-11-30T00:00:00","modified_gmt":"-0001-11-29T21:00:00","slug":"el-berekallahi-qarin-cirar","status":"publish","type":"post","link":"https:\/\/nedir.az\/atalar-sozleri\/el-berekallahi-qarin-cirar-atalar-sozunun-menasi-nedir","title":{"rendered":"El B\u0259r\u0259kallah\u0131 Qar\u0131n C\u0131rar"},"content":{"rendered":"<p>&#8220;el b\u0259r\u0259kallah\u0131 qar\u0131n c\u0131rar&#8221; atalar s\u00f6z\u00fc, insanlar\u0131n bir-birin\u0259 k\u00f6m\u0259k etm\u0259sinin, birlikd\u0259 \u00e7al\u0131\u015fmas\u0131n\u0131n v\u0259 yard\u0131mla\u015fmas\u0131n\u0131n \u0259h\u0259miyy\u0259tini vur\u011fulay\u0131r. Bu ifad\u0259, bir c\u0259miyy\u0259tin, ail\u0259nin v\u0259 ya dostlar\u0131n birg\u0259 f\u0259aliyy\u0259tinin, qar\u015f\u0131l\u0131ql\u0131 d\u0259st\u0259yinin n\u0259tic\u0259sind\u0259 daha b\u00f6y\u00fck u\u011furlar \u0259ld\u0259 edil\u0259c\u0259yini bildirir. Y\u0259ni, bir insan\u0131n m\u00fcv\u0259ff\u0259qiyy\u0259ti, onun \u0259traf\u0131ndak\u0131 insanlar\u0131n d\u0259st\u0259yi il\u0259 daha da artar. <\/p>\n<p><b>Q\u0131sa M\u0259nas\u0131<\/b><br \/>Bu atalar s\u00f6z\u00fc, birlikd\u0259 \u00e7al\u0131\u015fman\u0131n v\u0259 yard\u0131mla\u015fman\u0131n \u0259h\u0259miyy\u0259tini ifad\u0259 edir.<\/p>\n","protected":false},"excerpt":{"rendered":"<p>&#8220;el b\u0259r\u0259kallah\u0131 qar\u0131n c\u0131rar&#8221; atalar s\u00f6z\u00fc, insanlar\u0131n bir-birin\u0259 k\u00f6m\u0259k etm\u0259sinin, birlikd\u0259 \u00e7al\u0131\u015fmas\u0131n\u0131n v\u0259 yard\u0131mla\u015fmas\u0131n\u0131n \u0259h\u0259miyy\u0259tini vur\u011fulay\u0131r. Bu ifad\u0259, bir c\u0259miyy\u0259tin, ail\u0259nin v\u0259 ya dostlar\u0131n birg\u0259 f\u0259aliyy\u0259tinin, qar\u015f\u0131l\u0131ql\u0131 d\u0259st\u0259yinin n\u0259tic\u0259sind\u0259 daha b\u00f6y\u00fck u\u011furlar \u0259ld\u0259 edil\u0259c\u0259yini bildirir. Y\u0259ni, bir insan\u0131n m\u00fcv\u0259ff\u0259qiyy\u0259ti, onun \u0259traf\u0131ndak\u0131 insanlar\u0131n d\u0259st\u0259yi il\u0259 daha da artar. Q\u0131sa M\u0259nas\u0131Bu atalar s\u00f6z\u00fc, birlikd\u0259 \u00e7al\u0131\u015fman\u0131n v\u0259 yard\u0131mla\u015fman\u0131n &#8230; <a title=\"El B\u0259r\u0259kallah\u0131 Qar\u0131n C\u0131rar\" class=\"read-more\" href=\"https:\/\/nedir.az\/atalar-sozleri\/el-berekallahi-qarin-cirar-atalar-sozunun-menasi-nedir\" aria-label=\"Read more about El B\u0259r\u0259kallah\u0131 Qar\u0131n C\u0131rar\">Read more<\/a><\/p>\n","protected":false},"author":2,"featured_media":0,"comment_status":"open","ping_status":"open","sticky":false,"template":"","format":"standard","meta":{"footnotes":""},"categories":[1],"tags":[],"class_list":["post-6225","post","type-post","status-publish","format-standard","hentry","category-atalar-sozleri-atalar-sozu"],"aioseo_notices":[],"_links":{"self":[{"href":"https:\/\/nedir.az\/atalar-sozleri\/wp-json\/wp\/v2\/posts\/6225","targetHints":{"allow":["GET"]}}],"collection":[{"href":"https:\/\/nedir.az\/atalar-sozleri\/wp-json\/wp\/v2\/posts"}],"about":[{"href":"https:\/\/nedir.az\/atalar-sozleri\/wp-json\/wp\/v2\/types\/post"}],"author":[{"embeddable":true,"href":"https:\/\/nedir.az\/atalar-sozleri\/wp-json\/wp\/v2\/users\/2"}],"replies":[{"embeddable":true,"href":"https:\/\/nedir.az\/atalar-sozleri\/wp-json\/wp\/v2\/comments?post=6225"}],"version-history":[{"count":0,"href":"https:\/\/nedir.az\/atalar-sozleri\/wp-json\/wp\/v2\/posts\/6225\/revisions"}],"wp:attachment":[{"href":"https:\/\/nedir.az\/atalar-sozleri\/wp-json\/wp\/v2\/media?parent=6225"}],"wp:term":[{"taxonomy":"category","embeddable":true,"href":"https:\/\/nedir.az\/atalar-sozleri\/wp-json\/wp\/v2\/categories?post=6225"},{"taxonomy":"post_tag","embeddable":true,"href":"https:\/\/nedir.az\/atalar-sozleri\/wp-json\/wp\/v2\/tags?post=6225"}],"curies":[{"name":"wp","href":"https:\/\/api.w.org\/{rel}","templated":true}]}}