{"id":6223,"date":"2024-09-06T21:34:16","date_gmt":"2024-09-06T21:34:16","guid":{"rendered":""},"modified":"-0001-11-30T00:00:00","modified_gmt":"-0001-11-29T21:00:00","slug":"el-ayrani-yangini-soyutmaz","status":"publish","type":"post","link":"https:\/\/nedir.az\/atalar-sozleri\/el-ayrani-yangini-soyutmaz-atalar-sozunun-menasi-nedir","title":{"rendered":"El Ayran\u0131 Yan\u011f\u0131n\u0131 Soyutmaz"},"content":{"rendered":"<p>&#8220;el ayran\u0131 yan\u011f\u0131n\u0131 soyutmaz&#8221; atalar s\u00f6z\u00fcn\u00fcn m\u0259nas\u0131, bir insan\u0131n v\u0259 ya bir toplumun ba\u015f\u0131na g\u0259l\u0259n \u00e7\u0259tinlikl\u0259rin, probleml\u0259rin yaln\u0131z \u00f6z g\u00fcc\u00fc v\u0259 resurslar\u0131 il\u0259 h\u0259ll edil\u0259 bilm\u0259y\u0259c\u0259yini ifad\u0259 edir. Bu atalar s\u00f6z\u00fc, b\u0259z\u0259n insanlar\u0131n bir-birin\u0259 d\u0259st\u0259k olmadan, yaln\u0131z \u00f6z imkanlar\u0131 il\u0259 \u00e7\u0259tinlikl\u0259ri a\u015fma\u011fa \u00e7al\u0131\u015fmas\u0131n\u0131n kifay\u0259t etm\u0259diyini vur\u011fulay\u0131r. Y\u0259ni, bir insan\u0131n v\u0259 ya c\u0259miyy\u0259tin birlikd\u0259 \u00e7al\u0131\u015fmas\u0131, bir-birin\u0259 yard\u0131m etm\u0259si, daha b\u00f6y\u00fck probleml\u0259ri h\u0259ll etm\u0259k \u00fc\u00e7\u00fcn vacibdir.<\/p>\n<p><b>Q\u0131sa M\u0259nas\u0131<\/b><br \/>Birlikd\u0259 \u00e7al\u0131\u015fman\u0131n v\u0259 d\u0259st\u0259yin \u00f6n\u0259mini vur\u011fulayan atalar s\u00f6z\u00fc.<\/p>\n","protected":false},"excerpt":{"rendered":"<p>&#8220;el ayran\u0131 yan\u011f\u0131n\u0131 soyutmaz&#8221; atalar s\u00f6z\u00fcn\u00fcn m\u0259nas\u0131, bir insan\u0131n v\u0259 ya bir toplumun ba\u015f\u0131na g\u0259l\u0259n \u00e7\u0259tinlikl\u0259rin, probleml\u0259rin yaln\u0131z \u00f6z g\u00fcc\u00fc v\u0259 resurslar\u0131 il\u0259 h\u0259ll edil\u0259 bilm\u0259y\u0259c\u0259yini ifad\u0259 edir. Bu atalar s\u00f6z\u00fc, b\u0259z\u0259n insanlar\u0131n bir-birin\u0259 d\u0259st\u0259k olmadan, yaln\u0131z \u00f6z imkanlar\u0131 il\u0259 \u00e7\u0259tinlikl\u0259ri a\u015fma\u011fa \u00e7al\u0131\u015fmas\u0131n\u0131n kifay\u0259t etm\u0259diyini vur\u011fulay\u0131r. Y\u0259ni, bir insan\u0131n v\u0259 ya c\u0259miyy\u0259tin birlikd\u0259 \u00e7al\u0131\u015fmas\u0131, bir-birin\u0259 &#8230; <a title=\"El Ayran\u0131 Yan\u011f\u0131n\u0131 Soyutmaz\" class=\"read-more\" href=\"https:\/\/nedir.az\/atalar-sozleri\/el-ayrani-yangini-soyutmaz-atalar-sozunun-menasi-nedir\" aria-label=\"Read more about El Ayran\u0131 Yan\u011f\u0131n\u0131 Soyutmaz\">Read more<\/a><\/p>\n","protected":false},"author":2,"featured_media":0,"comment_status":"open","ping_status":"open","sticky":false,"template":"","format":"standard","meta":{"footnotes":""},"categories":[1],"tags":[],"class_list":["post-6223","post","type-post","status-publish","format-standard","hentry","category-atalar-sozleri-atalar-sozu"],"aioseo_notices":[],"_links":{"self":[{"href":"https:\/\/nedir.az\/atalar-sozleri\/wp-json\/wp\/v2\/posts\/6223","targetHints":{"allow":["GET"]}}],"collection":[{"href":"https:\/\/nedir.az\/atalar-sozleri\/wp-json\/wp\/v2\/posts"}],"about":[{"href":"https:\/\/nedir.az\/atalar-sozleri\/wp-json\/wp\/v2\/types\/post"}],"author":[{"embeddable":true,"href":"https:\/\/nedir.az\/atalar-sozleri\/wp-json\/wp\/v2\/users\/2"}],"replies":[{"embeddable":true,"href":"https:\/\/nedir.az\/atalar-sozleri\/wp-json\/wp\/v2\/comments?post=6223"}],"version-history":[{"count":0,"href":"https:\/\/nedir.az\/atalar-sozleri\/wp-json\/wp\/v2\/posts\/6223\/revisions"}],"wp:attachment":[{"href":"https:\/\/nedir.az\/atalar-sozleri\/wp-json\/wp\/v2\/media?parent=6223"}],"wp:term":[{"taxonomy":"category","embeddable":true,"href":"https:\/\/nedir.az\/atalar-sozleri\/wp-json\/wp\/v2\/categories?post=6223"},{"taxonomy":"post_tag","embeddable":true,"href":"https:\/\/nedir.az\/atalar-sozleri\/wp-json\/wp\/v2\/tags?post=6223"}],"curies":[{"name":"wp","href":"https:\/\/api.w.org\/{rel}","templated":true}]}}