{"id":6221,"date":"2024-09-06T21:34:16","date_gmt":"2024-09-06T21:34:16","guid":{"rendered":""},"modified":"-0001-11-30T00:00:00","modified_gmt":"-0001-11-29T21:00:00","slug":"el-atani-haqq-da-atar","status":"publish","type":"post","link":"https:\/\/nedir.az\/atalar-sozleri\/el-atani-haqq-da-atar-atalar-sozunun-menasi-nedir","title":{"rendered":"El Atan\u0131 Haqq da Atar"},"content":{"rendered":"<p>&#8220;el atan\u0131 haqq da atar&#8221; atalar s\u00f6z\u00fcn\u00fcn m\u0259nas\u0131, insan\u0131n etdiyi h\u0259r\u0259k\u0259tl\u0259rin, davran\u0131\u015flar\u0131n v\u0259 se\u00e7iml\u0259rin n\u0259tic\u0259l\u0259rinin m\u00fctl\u0259q bir g\u00fcn ortaya \u00e7\u0131xaca\u011f\u0131na i\u015far\u0259 edir. Bu s\u00f6z, insan\u0131n ba\u015fqalar\u0131na qar\u015f\u0131 etdiyi \u0259dal\u0259tsizlikl\u0259rin, pis \u0259m\u0259ll\u0259rin v\u0259 ya yax\u015f\u0131 davran\u0131\u015flar\u0131n, m\u00fctl\u0259q bir \u015f\u0259kild\u0259 geri d\u00f6n\u0259c\u0259yini vur\u011fulay\u0131r. Y\u0259ni, kims\u0259 ba\u015fqalar\u0131na z\u0259r\u0259r ver\u0259rs\u0259, bu z\u0259r\u0259rin bir g\u00fcn ona da geri d\u00f6n\u0259c\u0259yi anlam\u0131na g\u0259lir. Bu atalar s\u00f6z\u00fc, \u0259dal\u0259t anlay\u0131\u015f\u0131n\u0131 v\u0259 insanlar\u0131n bir-birin\u0259 qar\u015f\u0131 olan m\u00fcnasib\u0259tl\u0259rini \u00f6n plana \u00e7\u0131xar\u0131r.<\/p>\n<p><b>Q\u0131sa M\u0259nas\u0131<\/b><br \/> \u0130nsanlar\u0131n etdikl\u0259ri \u0259m\u0259ll\u0259rin n\u0259tic\u0259l\u0259rinin onlara geri d\u00f6n\u0259c\u0259yini bildirir.<\/p>\n","protected":false},"excerpt":{"rendered":"<p>&#8220;el atan\u0131 haqq da atar&#8221; atalar s\u00f6z\u00fcn\u00fcn m\u0259nas\u0131, insan\u0131n etdiyi h\u0259r\u0259k\u0259tl\u0259rin, davran\u0131\u015flar\u0131n v\u0259 se\u00e7iml\u0259rin n\u0259tic\u0259l\u0259rinin m\u00fctl\u0259q bir g\u00fcn ortaya \u00e7\u0131xaca\u011f\u0131na i\u015far\u0259 edir. Bu s\u00f6z, insan\u0131n ba\u015fqalar\u0131na qar\u015f\u0131 etdiyi \u0259dal\u0259tsizlikl\u0259rin, pis \u0259m\u0259ll\u0259rin v\u0259 ya yax\u015f\u0131 davran\u0131\u015flar\u0131n, m\u00fctl\u0259q bir \u015f\u0259kild\u0259 geri d\u00f6n\u0259c\u0259yini vur\u011fulay\u0131r. Y\u0259ni, kims\u0259 ba\u015fqalar\u0131na z\u0259r\u0259r ver\u0259rs\u0259, bu z\u0259r\u0259rin bir g\u00fcn ona da geri d\u00f6n\u0259c\u0259yi anlam\u0131na &#8230; <a title=\"El Atan\u0131 Haqq da Atar\" class=\"read-more\" href=\"https:\/\/nedir.az\/atalar-sozleri\/el-atani-haqq-da-atar-atalar-sozunun-menasi-nedir\" aria-label=\"Read more about El Atan\u0131 Haqq da Atar\">Read more<\/a><\/p>\n","protected":false},"author":2,"featured_media":0,"comment_status":"open","ping_status":"open","sticky":false,"template":"","format":"standard","meta":{"footnotes":""},"categories":[1],"tags":[],"class_list":["post-6221","post","type-post","status-publish","format-standard","hentry","category-atalar-sozleri-atalar-sozu"],"aioseo_notices":[],"_links":{"self":[{"href":"https:\/\/nedir.az\/atalar-sozleri\/wp-json\/wp\/v2\/posts\/6221","targetHints":{"allow":["GET"]}}],"collection":[{"href":"https:\/\/nedir.az\/atalar-sozleri\/wp-json\/wp\/v2\/posts"}],"about":[{"href":"https:\/\/nedir.az\/atalar-sozleri\/wp-json\/wp\/v2\/types\/post"}],"author":[{"embeddable":true,"href":"https:\/\/nedir.az\/atalar-sozleri\/wp-json\/wp\/v2\/users\/2"}],"replies":[{"embeddable":true,"href":"https:\/\/nedir.az\/atalar-sozleri\/wp-json\/wp\/v2\/comments?post=6221"}],"version-history":[{"count":0,"href":"https:\/\/nedir.az\/atalar-sozleri\/wp-json\/wp\/v2\/posts\/6221\/revisions"}],"wp:attachment":[{"href":"https:\/\/nedir.az\/atalar-sozleri\/wp-json\/wp\/v2\/media?parent=6221"}],"wp:term":[{"taxonomy":"category","embeddable":true,"href":"https:\/\/nedir.az\/atalar-sozleri\/wp-json\/wp\/v2\/categories?post=6221"},{"taxonomy":"post_tag","embeddable":true,"href":"https:\/\/nedir.az\/atalar-sozleri\/wp-json\/wp\/v2\/tags?post=6221"}],"curies":[{"name":"wp","href":"https:\/\/api.w.org\/{rel}","templated":true}]}}