{"id":6219,"date":"2024-09-06T21:34:16","date_gmt":"2024-09-06T21:34:16","guid":{"rendered":""},"modified":"-0001-11-30T00:00:00","modified_gmt":"-0001-11-29T21:00:00","slug":"el-atan-dasi-qaldirmaq-olmaz","status":"publish","type":"post","link":"https:\/\/nedir.az\/atalar-sozleri\/el-atan-dasi-qaldirmaq-olmaz-atalar-sozunun-menasi-nedir","title":{"rendered":"El Atan Da\u015f\u0131 Qald\u0131rmaq Olmaz"},"content":{"rendered":"<p>&#8220;el atan da\u015f\u0131 qald\u0131rmaq olmaz&#8221; atalar s\u00f6z\u00fcn\u00fcn m\u0259nas\u0131, bir i\u015f\u0259 giri\u015f\u0259n \u015f\u0259xsin, o i\u015fin n\u0259tic\u0259l\u0259rini d\u00fc\u015f\u00fcnm\u0259d\u0259n, ya da o i\u015fin \u00e7\u0259tinlikl\u0259rini g\u00f6z \u00f6n\u00fcnd\u0259 bulundurmadan h\u0259r\u0259k\u0259t etm\u0259sinin yanl\u0131\u015f oldu\u011funu vur\u011fulay\u0131r. Bu s\u00f6z, bir i\u015f\u0259 ba\u015flamadan \u0259vv\u0259l onun m\u0259suliyy\u0259tl\u0259rini v\u0259 n\u0259tic\u0259l\u0259rini d\u0259y\u0259rl\u0259ndirm\u0259yin vacibliyini ifad\u0259 edir. Y\u0259ni, bir \u015fey\u0259 \u0259l atan, onun a\u011f\u0131rl\u0131\u011f\u0131n\u0131 da \u00e7\u0259km\u0259y\u0259 haz\u0131r olmal\u0131d\u0131r. <\/p>\n<p><b>Q\u0131sa M\u0259nas\u0131<\/b><br \/> \u0130\u015f\u0259 giri\u015fm\u0259zd\u0259n \u0259vv\u0259l onun n\u0259tic\u0259l\u0259rini d\u00fc\u015f\u00fcnm\u0259k vacibdir.<\/p>\n","protected":false},"excerpt":{"rendered":"<p>&#8220;el atan da\u015f\u0131 qald\u0131rmaq olmaz&#8221; atalar s\u00f6z\u00fcn\u00fcn m\u0259nas\u0131, bir i\u015f\u0259 giri\u015f\u0259n \u015f\u0259xsin, o i\u015fin n\u0259tic\u0259l\u0259rini d\u00fc\u015f\u00fcnm\u0259d\u0259n, ya da o i\u015fin \u00e7\u0259tinlikl\u0259rini g\u00f6z \u00f6n\u00fcnd\u0259 bulundurmadan h\u0259r\u0259k\u0259t etm\u0259sinin yanl\u0131\u015f oldu\u011funu vur\u011fulay\u0131r. Bu s\u00f6z, bir i\u015f\u0259 ba\u015flamadan \u0259vv\u0259l onun m\u0259suliyy\u0259tl\u0259rini v\u0259 n\u0259tic\u0259l\u0259rini d\u0259y\u0259rl\u0259ndirm\u0259yin vacibliyini ifad\u0259 edir. Y\u0259ni, bir \u015fey\u0259 \u0259l atan, onun a\u011f\u0131rl\u0131\u011f\u0131n\u0131 da \u00e7\u0259km\u0259y\u0259 haz\u0131r olmal\u0131d\u0131r. Q\u0131sa &#8230; <a title=\"El Atan Da\u015f\u0131 Qald\u0131rmaq Olmaz\" class=\"read-more\" href=\"https:\/\/nedir.az\/atalar-sozleri\/el-atan-dasi-qaldirmaq-olmaz-atalar-sozunun-menasi-nedir\" aria-label=\"Read more about El Atan Da\u015f\u0131 Qald\u0131rmaq Olmaz\">Read more<\/a><\/p>\n","protected":false},"author":2,"featured_media":0,"comment_status":"open","ping_status":"open","sticky":false,"template":"","format":"standard","meta":{"footnotes":""},"categories":[1],"tags":[],"class_list":["post-6219","post","type-post","status-publish","format-standard","hentry","category-atalar-sozleri-atalar-sozu"],"aioseo_notices":[],"_links":{"self":[{"href":"https:\/\/nedir.az\/atalar-sozleri\/wp-json\/wp\/v2\/posts\/6219","targetHints":{"allow":["GET"]}}],"collection":[{"href":"https:\/\/nedir.az\/atalar-sozleri\/wp-json\/wp\/v2\/posts"}],"about":[{"href":"https:\/\/nedir.az\/atalar-sozleri\/wp-json\/wp\/v2\/types\/post"}],"author":[{"embeddable":true,"href":"https:\/\/nedir.az\/atalar-sozleri\/wp-json\/wp\/v2\/users\/2"}],"replies":[{"embeddable":true,"href":"https:\/\/nedir.az\/atalar-sozleri\/wp-json\/wp\/v2\/comments?post=6219"}],"version-history":[{"count":0,"href":"https:\/\/nedir.az\/atalar-sozleri\/wp-json\/wp\/v2\/posts\/6219\/revisions"}],"wp:attachment":[{"href":"https:\/\/nedir.az\/atalar-sozleri\/wp-json\/wp\/v2\/media?parent=6219"}],"wp:term":[{"taxonomy":"category","embeddable":true,"href":"https:\/\/nedir.az\/atalar-sozleri\/wp-json\/wp\/v2\/categories?post=6219"},{"taxonomy":"post_tag","embeddable":true,"href":"https:\/\/nedir.az\/atalar-sozleri\/wp-json\/wp\/v2\/tags?post=6219"}],"curies":[{"name":"wp","href":"https:\/\/api.w.org\/{rel}","templated":true}]}}