{"id":6218,"date":"2024-09-06T21:34:16","date_gmt":"2024-09-06T21:34:16","guid":{"rendered":""},"modified":"-0001-11-30T00:00:00","modified_gmt":"-0001-11-29T21:00:00","slug":"el-atan-dasa-guc-catmaz","status":"publish","type":"post","link":"https:\/\/nedir.az\/atalar-sozleri\/el-atan-dasa-guc-catmaz-atalar-sozunun-menasi-nedir","title":{"rendered":"El Atan Da\u015fa G\u00fcc \u00c7atmaz"},"content":{"rendered":"<p>&#8220;el atan da\u015fa g\u00fcc \u00e7atmaz&#8221; atalar s\u00f6z\u00fc, insan\u0131n \u00f6z imkanlar\u0131 v\u0259 g\u00fcc\u00fc \u00e7\u0259r\u00e7iv\u0259sind\u0259 h\u0259r\u0259k\u0259t etm\u0259si, ba\u015fqalar\u0131n\u0131n i\u015fl\u0259rin\u0259 m\u00fcdaxil\u0259 etm\u0259m\u0259si v\u0259 ya \u00f6z\u00fcn\u00fc ba\u015fqalar\u0131n\u0131n i\u015fl\u0259rin\u0259 qar\u0131\u015fd\u0131rmamas\u0131 laz\u0131m oldu\u011funu vur\u011fulay\u0131r. Bu s\u00f6z, bir insan\u0131n ba\u015fqalar\u0131n\u0131n i\u015fl\u0259rin\u0259 m\u00fcdaxil\u0259 etm\u0259sinin n\u0259tic\u0259l\u0259rinin b\u0259z\u0259n m\u0259nfi ola bil\u0259c\u0259yini, buna g\u00f6r\u0259 d\u0259 h\u0259r k\u0259sin \u00f6z i\u015fin\u0259 baxmas\u0131n\u0131n daha m\u0259qs\u0259d\u0259uy\u011fun oldu\u011funu ifad\u0259 edir. H\u0259m\u00e7inin, bu atalar s\u00f6z\u00fc, insan\u0131n \u00f6z g\u00fcc\u00fcn\u00fc v\u0259 imkanlar\u0131n\u0131 a\u015fan i\u015fl\u0259r\u0259 giri\u015fm\u0259sinin riskli oldu\u011funu da bildirir.<\/p>\n<p><b>Q\u0131sa M\u0259nas\u0131<\/b><br \/> \u00d6z imkanlar\u0131n\u0131 a\u015fan i\u015fl\u0259r\u0259 m\u00fcdaxil\u0259 etm\u0259m\u0259k, h\u0259r k\u0259sin \u00f6z i\u015fin\u0259 baxmas\u0131n\u0131n vacibliyi.<\/p>\n","protected":false},"excerpt":{"rendered":"<p>&#8220;el atan da\u015fa g\u00fcc \u00e7atmaz&#8221; atalar s\u00f6z\u00fc, insan\u0131n \u00f6z imkanlar\u0131 v\u0259 g\u00fcc\u00fc \u00e7\u0259r\u00e7iv\u0259sind\u0259 h\u0259r\u0259k\u0259t etm\u0259si, ba\u015fqalar\u0131n\u0131n i\u015fl\u0259rin\u0259 m\u00fcdaxil\u0259 etm\u0259m\u0259si v\u0259 ya \u00f6z\u00fcn\u00fc ba\u015fqalar\u0131n\u0131n i\u015fl\u0259rin\u0259 qar\u0131\u015fd\u0131rmamas\u0131 laz\u0131m oldu\u011funu vur\u011fulay\u0131r. Bu s\u00f6z, bir insan\u0131n ba\u015fqalar\u0131n\u0131n i\u015fl\u0259rin\u0259 m\u00fcdaxil\u0259 etm\u0259sinin n\u0259tic\u0259l\u0259rinin b\u0259z\u0259n m\u0259nfi ola bil\u0259c\u0259yini, buna g\u00f6r\u0259 d\u0259 h\u0259r k\u0259sin \u00f6z i\u015fin\u0259 baxmas\u0131n\u0131n daha m\u0259qs\u0259d\u0259uy\u011fun oldu\u011funu ifad\u0259 edir. H\u0259m\u00e7inin, &#8230; <a title=\"El Atan Da\u015fa G\u00fcc \u00c7atmaz\" class=\"read-more\" href=\"https:\/\/nedir.az\/atalar-sozleri\/el-atan-dasa-guc-catmaz-atalar-sozunun-menasi-nedir\" aria-label=\"Read more about El Atan Da\u015fa G\u00fcc \u00c7atmaz\">Read more<\/a><\/p>\n","protected":false},"author":2,"featured_media":0,"comment_status":"open","ping_status":"open","sticky":false,"template":"","format":"standard","meta":{"footnotes":""},"categories":[1],"tags":[],"class_list":["post-6218","post","type-post","status-publish","format-standard","hentry","category-atalar-sozleri-atalar-sozu"],"aioseo_notices":[],"_links":{"self":[{"href":"https:\/\/nedir.az\/atalar-sozleri\/wp-json\/wp\/v2\/posts\/6218","targetHints":{"allow":["GET"]}}],"collection":[{"href":"https:\/\/nedir.az\/atalar-sozleri\/wp-json\/wp\/v2\/posts"}],"about":[{"href":"https:\/\/nedir.az\/atalar-sozleri\/wp-json\/wp\/v2\/types\/post"}],"author":[{"embeddable":true,"href":"https:\/\/nedir.az\/atalar-sozleri\/wp-json\/wp\/v2\/users\/2"}],"replies":[{"embeddable":true,"href":"https:\/\/nedir.az\/atalar-sozleri\/wp-json\/wp\/v2\/comments?post=6218"}],"version-history":[{"count":0,"href":"https:\/\/nedir.az\/atalar-sozleri\/wp-json\/wp\/v2\/posts\/6218\/revisions"}],"wp:attachment":[{"href":"https:\/\/nedir.az\/atalar-sozleri\/wp-json\/wp\/v2\/media?parent=6218"}],"wp:term":[{"taxonomy":"category","embeddable":true,"href":"https:\/\/nedir.az\/atalar-sozleri\/wp-json\/wp\/v2\/categories?post=6218"},{"taxonomy":"post_tag","embeddable":true,"href":"https:\/\/nedir.az\/atalar-sozleri\/wp-json\/wp\/v2\/tags?post=6218"}],"curies":[{"name":"wp","href":"https:\/\/api.w.org\/{rel}","templated":true}]}}