{"id":6216,"date":"2024-09-06T21:34:16","date_gmt":"2024-09-06T21:34:16","guid":{"rendered":""},"modified":"-0001-11-30T00:00:00","modified_gmt":"-0001-11-29T21:00:00","slug":"el-atan-das-dagdan-asar","status":"publish","type":"post","link":"https:\/\/nedir.az\/atalar-sozleri\/el-atan-das-dagdan-asar-atalar-sozunun-menasi-nedir","title":{"rendered":"El Atan Da\u015f Da\u011fdan A\u015far"},"content":{"rendered":"<p>&#8220;el atan da\u015f da\u011fdan a\u015far&#8221; atalar s\u00f6z\u00fcn\u00fcn m\u0259nas\u0131, insan\u0131n \u00e7al\u0131\u015fqanl\u0131\u011f\u0131 v\u0259 \u0259zmkarl\u0131\u011f\u0131 say\u0259sind\u0259 \u00e7\u0259tinlikl\u0259rin \u00f6hd\u0259sind\u0259n g\u0259l\u0259 bil\u0259c\u0259yini ifad\u0259 edir. Bu s\u00f6z, bir i\u015f\u0259 ba\u015flama\u011f\u0131n v\u0259 m\u00fcbariz\u0259 aparma\u011f\u0131n vacibliyini vur\u011fulay\u0131r. H\u0259r bir insan, \u0259g\u0259r \u00f6z m\u0259qs\u0259din\u0259 do\u011fru ir\u0259lil\u0259y\u0259rs\u0259, m\u00fctl\u0259q u\u011fur qazanacaqd\u0131r. Bu atalar s\u00f6z\u00fc, insan\u0131n irad\u0259sinin g\u00fcc\u00fcn\u00fc v\u0259 \u00e7al\u0131\u015fqanl\u0131\u011f\u0131n \u0259h\u0259miyy\u0259tini \u00f6n plana \u00e7\u0131xar\u0131r.<\/p>\n<p><b>Q\u0131sa M\u0259nas\u0131<\/b><br \/> \u0130nsan \u0259zmkarl\u0131qla \u00e7al\u0131\u015farsa, \u00e7\u0259tinlikl\u0259ri a\u015far v\u0259 u\u011fur qazanar.<\/p>\n","protected":false},"excerpt":{"rendered":"<p>&#8220;el atan da\u015f da\u011fdan a\u015far&#8221; atalar s\u00f6z\u00fcn\u00fcn m\u0259nas\u0131, insan\u0131n \u00e7al\u0131\u015fqanl\u0131\u011f\u0131 v\u0259 \u0259zmkarl\u0131\u011f\u0131 say\u0259sind\u0259 \u00e7\u0259tinlikl\u0259rin \u00f6hd\u0259sind\u0259n g\u0259l\u0259 bil\u0259c\u0259yini ifad\u0259 edir. Bu s\u00f6z, bir i\u015f\u0259 ba\u015flama\u011f\u0131n v\u0259 m\u00fcbariz\u0259 aparma\u011f\u0131n vacibliyini vur\u011fulay\u0131r. H\u0259r bir insan, \u0259g\u0259r \u00f6z m\u0259qs\u0259din\u0259 do\u011fru ir\u0259lil\u0259y\u0259rs\u0259, m\u00fctl\u0259q u\u011fur qazanacaqd\u0131r. Bu atalar s\u00f6z\u00fc, insan\u0131n irad\u0259sinin g\u00fcc\u00fcn\u00fc v\u0259 \u00e7al\u0131\u015fqanl\u0131\u011f\u0131n \u0259h\u0259miyy\u0259tini \u00f6n plana \u00e7\u0131xar\u0131r. Q\u0131sa M\u0259nas\u0131 \u0130nsan &#8230; <a title=\"El Atan Da\u015f Da\u011fdan A\u015far\" class=\"read-more\" href=\"https:\/\/nedir.az\/atalar-sozleri\/el-atan-das-dagdan-asar-atalar-sozunun-menasi-nedir\" aria-label=\"Read more about El Atan Da\u015f Da\u011fdan A\u015far\">Read more<\/a><\/p>\n","protected":false},"author":2,"featured_media":0,"comment_status":"open","ping_status":"open","sticky":false,"template":"","format":"standard","meta":{"footnotes":""},"categories":[1],"tags":[],"class_list":["post-6216","post","type-post","status-publish","format-standard","hentry","category-atalar-sozleri-atalar-sozu"],"aioseo_notices":[],"_links":{"self":[{"href":"https:\/\/nedir.az\/atalar-sozleri\/wp-json\/wp\/v2\/posts\/6216","targetHints":{"allow":["GET"]}}],"collection":[{"href":"https:\/\/nedir.az\/atalar-sozleri\/wp-json\/wp\/v2\/posts"}],"about":[{"href":"https:\/\/nedir.az\/atalar-sozleri\/wp-json\/wp\/v2\/types\/post"}],"author":[{"embeddable":true,"href":"https:\/\/nedir.az\/atalar-sozleri\/wp-json\/wp\/v2\/users\/2"}],"replies":[{"embeddable":true,"href":"https:\/\/nedir.az\/atalar-sozleri\/wp-json\/wp\/v2\/comments?post=6216"}],"version-history":[{"count":0,"href":"https:\/\/nedir.az\/atalar-sozleri\/wp-json\/wp\/v2\/posts\/6216\/revisions"}],"wp:attachment":[{"href":"https:\/\/nedir.az\/atalar-sozleri\/wp-json\/wp\/v2\/media?parent=6216"}],"wp:term":[{"taxonomy":"category","embeddable":true,"href":"https:\/\/nedir.az\/atalar-sozleri\/wp-json\/wp\/v2\/categories?post=6216"},{"taxonomy":"post_tag","embeddable":true,"href":"https:\/\/nedir.az\/atalar-sozleri\/wp-json\/wp\/v2\/tags?post=6216"}],"curies":[{"name":"wp","href":"https:\/\/api.w.org\/{rel}","templated":true}]}}