{"id":6214,"date":"2024-09-06T21:34:16","date_gmt":"2024-09-06T21:34:16","guid":{"rendered":""},"modified":"-0001-11-30T00:00:00","modified_gmt":"-0001-11-29T21:00:00","slug":"el-arasinda-it-quyrugu-kesmezler","status":"publish","type":"post","link":"https:\/\/nedir.az\/atalar-sozleri\/el-arasinda-it-quyrugu-kesmezler-atalar-sozunun-menasi-nedir","title":{"rendered":"El Aras\u0131nda \u0130t Quyru\u011fu K\u0259sm\u0259zl\u0259r"},"content":{"rendered":"<p>&#8220;el aras\u0131nda it quyru\u011fu k\u0259sm\u0259zl\u0259r&#8221; atalar s\u00f6z\u00fcn\u00fcn m\u0259nas\u0131, insanlar\u0131n bir-birin\u0259 qar\u015f\u0131 olan m\u00fcnasib\u0259tl\u0259rind\u0259, x\u00fcsusil\u0259 d\u0259 dostluq v\u0259 qohumluq \u0259laq\u0259l\u0259rind\u0259, birinin dig\u0259rini aldatmamas\u0131, z\u0259r\u0259r verm\u0259m\u0259si v\u0259 ya arxadan dan\u0131\u015fmamas\u0131 laz\u0131m oldu\u011funu vur\u011fulay\u0131r. Bu atalar s\u00f6z\u00fc, insanlar\u0131n bir-birin\u0259 olan etibar\u0131n\u0131 v\u0259 dostluq ba\u011flar\u0131n\u0131 qoruma\u011f\u0131n vacibliyini ifad\u0259 edir. H\u0259m\u00e7inin, bu ifad\u0259, c\u0259miyy\u0259tin d\u0259y\u0259rl\u0259rin\u0259, etik davran\u0131\u015flara v\u0259 qar\u015f\u0131l\u0131ql\u0131 h\u00f6rm\u0259t\u0259 i\u015far\u0259 edir.<\/p>\n<p><b>Q\u0131sa M\u0259nas\u0131<\/b><br \/>Bu atalar s\u00f6z\u00fc, insanlar\u0131n bir-birin\u0259 qar\u015f\u0131 d\u00fcr\u00fcst v\u0259 etibarl\u0131 olmalar\u0131n\u0131n vacibliyini vur\u011fulay\u0131r.<\/p>\n","protected":false},"excerpt":{"rendered":"<p>&#8220;el aras\u0131nda it quyru\u011fu k\u0259sm\u0259zl\u0259r&#8221; atalar s\u00f6z\u00fcn\u00fcn m\u0259nas\u0131, insanlar\u0131n bir-birin\u0259 qar\u015f\u0131 olan m\u00fcnasib\u0259tl\u0259rind\u0259, x\u00fcsusil\u0259 d\u0259 dostluq v\u0259 qohumluq \u0259laq\u0259l\u0259rind\u0259, birinin dig\u0259rini aldatmamas\u0131, z\u0259r\u0259r verm\u0259m\u0259si v\u0259 ya arxadan dan\u0131\u015fmamas\u0131 laz\u0131m oldu\u011funu vur\u011fulay\u0131r. Bu atalar s\u00f6z\u00fc, insanlar\u0131n bir-birin\u0259 olan etibar\u0131n\u0131 v\u0259 dostluq ba\u011flar\u0131n\u0131 qoruma\u011f\u0131n vacibliyini ifad\u0259 edir. H\u0259m\u00e7inin, bu ifad\u0259, c\u0259miyy\u0259tin d\u0259y\u0259rl\u0259rin\u0259, etik davran\u0131\u015flara v\u0259 qar\u015f\u0131l\u0131ql\u0131 h\u00f6rm\u0259t\u0259 &#8230; <a title=\"El Aras\u0131nda \u0130t Quyru\u011fu K\u0259sm\u0259zl\u0259r\" class=\"read-more\" href=\"https:\/\/nedir.az\/atalar-sozleri\/el-arasinda-it-quyrugu-kesmezler-atalar-sozunun-menasi-nedir\" aria-label=\"Read more about El Aras\u0131nda \u0130t Quyru\u011fu K\u0259sm\u0259zl\u0259r\">Read more<\/a><\/p>\n","protected":false},"author":2,"featured_media":0,"comment_status":"open","ping_status":"open","sticky":false,"template":"","format":"standard","meta":{"footnotes":""},"categories":[1],"tags":[],"class_list":["post-6214","post","type-post","status-publish","format-standard","hentry","category-atalar-sozleri-atalar-sozu"],"aioseo_notices":[],"_links":{"self":[{"href":"https:\/\/nedir.az\/atalar-sozleri\/wp-json\/wp\/v2\/posts\/6214","targetHints":{"allow":["GET"]}}],"collection":[{"href":"https:\/\/nedir.az\/atalar-sozleri\/wp-json\/wp\/v2\/posts"}],"about":[{"href":"https:\/\/nedir.az\/atalar-sozleri\/wp-json\/wp\/v2\/types\/post"}],"author":[{"embeddable":true,"href":"https:\/\/nedir.az\/atalar-sozleri\/wp-json\/wp\/v2\/users\/2"}],"replies":[{"embeddable":true,"href":"https:\/\/nedir.az\/atalar-sozleri\/wp-json\/wp\/v2\/comments?post=6214"}],"version-history":[{"count":0,"href":"https:\/\/nedir.az\/atalar-sozleri\/wp-json\/wp\/v2\/posts\/6214\/revisions"}],"wp:attachment":[{"href":"https:\/\/nedir.az\/atalar-sozleri\/wp-json\/wp\/v2\/media?parent=6214"}],"wp:term":[{"taxonomy":"category","embeddable":true,"href":"https:\/\/nedir.az\/atalar-sozleri\/wp-json\/wp\/v2\/categories?post=6214"},{"taxonomy":"post_tag","embeddable":true,"href":"https:\/\/nedir.az\/atalar-sozleri\/wp-json\/wp\/v2\/tags?post=6214"}],"curies":[{"name":"wp","href":"https:\/\/api.w.org\/{rel}","templated":true}]}}