{"id":6213,"date":"2024-09-06T21:34:16","date_gmt":"2024-09-06T21:34:16","guid":{"rendered":""},"modified":"-0001-11-30T00:00:00","modified_gmt":"-0001-11-29T21:00:00","slug":"el-agzini-baglamaq-olmaz","status":"publish","type":"post","link":"https:\/\/nedir.az\/atalar-sozleri\/el-agzini-baglamaq-olmaz-atalar-sozunun-menasi-nedir","title":{"rendered":"El A\u011fz\u0131n\u0131 Ba\u011flamaq Olmaz"},"content":{"rendered":"<p>&#8220;el a\u011fz\u0131n\u0131 ba\u011flamaq olmaz&#8221; atalar s\u00f6z\u00fcn\u00fcn m\u0259nas\u0131, insanlar\u0131n fikirl\u0259rini, d\u00fc\u015f\u00fcnc\u0259l\u0259rini v\u0259 hissl\u0259rini ifad\u0259 etm\u0259l\u0259rinin vacibliyini vur\u011fulay\u0131r. Bu atalar s\u00f6z\u00fc, c\u0259miyy\u0259tin, dostlar\u0131n v\u0259 ya ail\u0259nin aras\u0131nda a\u00e7\u0131q \u00fcnsiyy\u0259tin \u0259h\u0259miyy\u0259tini bildirir. \u0130nsanlar aras\u0131nda anla\u015fma v\u0259 etimad\u0131n yaranmas\u0131 \u00fc\u00e7\u00fcn fikirl\u0259rin s\u0259rb\u0259st \u015f\u0259kild\u0259 ifad\u0259 olunmas\u0131 z\u0259ruridir. Bu, h\u0259m d\u0259 insanlar\u0131n bir-birini anlamaq v\u0259 d\u0259st\u0259kl\u0259m\u0259k \u00fc\u00e7\u00fcn laz\u0131md\u0131r.<\/p>\n<p><b>Q\u0131sa M\u0259nas\u0131<\/b><br \/> \u0130nsanlar\u0131n fikirl\u0259rini ifad\u0259 etm\u0259l\u0259rinin vacibliyini vur\u011fulay\u0131r.<\/p>\n","protected":false},"excerpt":{"rendered":"<p>&#8220;el a\u011fz\u0131n\u0131 ba\u011flamaq olmaz&#8221; atalar s\u00f6z\u00fcn\u00fcn m\u0259nas\u0131, insanlar\u0131n fikirl\u0259rini, d\u00fc\u015f\u00fcnc\u0259l\u0259rini v\u0259 hissl\u0259rini ifad\u0259 etm\u0259l\u0259rinin vacibliyini vur\u011fulay\u0131r. Bu atalar s\u00f6z\u00fc, c\u0259miyy\u0259tin, dostlar\u0131n v\u0259 ya ail\u0259nin aras\u0131nda a\u00e7\u0131q \u00fcnsiyy\u0259tin \u0259h\u0259miyy\u0259tini bildirir. \u0130nsanlar aras\u0131nda anla\u015fma v\u0259 etimad\u0131n yaranmas\u0131 \u00fc\u00e7\u00fcn fikirl\u0259rin s\u0259rb\u0259st \u015f\u0259kild\u0259 ifad\u0259 olunmas\u0131 z\u0259ruridir. Bu, h\u0259m d\u0259 insanlar\u0131n bir-birini anlamaq v\u0259 d\u0259st\u0259kl\u0259m\u0259k \u00fc\u00e7\u00fcn laz\u0131md\u0131r. Q\u0131sa M\u0259nas\u0131 \u0130nsanlar\u0131n &#8230; <a title=\"El A\u011fz\u0131n\u0131 Ba\u011flamaq Olmaz\" class=\"read-more\" href=\"https:\/\/nedir.az\/atalar-sozleri\/el-agzini-baglamaq-olmaz-atalar-sozunun-menasi-nedir\" aria-label=\"Read more about El A\u011fz\u0131n\u0131 Ba\u011flamaq Olmaz\">Read more<\/a><\/p>\n","protected":false},"author":2,"featured_media":0,"comment_status":"open","ping_status":"open","sticky":false,"template":"","format":"standard","meta":{"footnotes":""},"categories":[1],"tags":[],"class_list":["post-6213","post","type-post","status-publish","format-standard","hentry","category-atalar-sozleri-atalar-sozu"],"aioseo_notices":[],"_links":{"self":[{"href":"https:\/\/nedir.az\/atalar-sozleri\/wp-json\/wp\/v2\/posts\/6213","targetHints":{"allow":["GET"]}}],"collection":[{"href":"https:\/\/nedir.az\/atalar-sozleri\/wp-json\/wp\/v2\/posts"}],"about":[{"href":"https:\/\/nedir.az\/atalar-sozleri\/wp-json\/wp\/v2\/types\/post"}],"author":[{"embeddable":true,"href":"https:\/\/nedir.az\/atalar-sozleri\/wp-json\/wp\/v2\/users\/2"}],"replies":[{"embeddable":true,"href":"https:\/\/nedir.az\/atalar-sozleri\/wp-json\/wp\/v2\/comments?post=6213"}],"version-history":[{"count":0,"href":"https:\/\/nedir.az\/atalar-sozleri\/wp-json\/wp\/v2\/posts\/6213\/revisions"}],"wp:attachment":[{"href":"https:\/\/nedir.az\/atalar-sozleri\/wp-json\/wp\/v2\/media?parent=6213"}],"wp:term":[{"taxonomy":"category","embeddable":true,"href":"https:\/\/nedir.az\/atalar-sozleri\/wp-json\/wp\/v2\/categories?post=6213"},{"taxonomy":"post_tag","embeddable":true,"href":"https:\/\/nedir.az\/atalar-sozleri\/wp-json\/wp\/v2\/tags?post=6213"}],"curies":[{"name":"wp","href":"https:\/\/api.w.org\/{rel}","templated":true}]}}