{"id":6211,"date":"2024-09-06T21:34:16","date_gmt":"2024-09-06T21:34:16","guid":{"rendered":""},"modified":"-0001-11-30T00:00:00","modified_gmt":"-0001-11-29T21:00:00","slug":"el-agzina-dusen-xeyir-gormez","status":"publish","type":"post","link":"https:\/\/nedir.az\/atalar-sozleri\/el-agzina-dusen-xeyir-gormez-atalar-sozunun-menasi-nedir","title":{"rendered":"El A\u011fz\u0131na D\u00fc\u015f\u0259n Xeyir G\u00f6rm\u0259z"},"content":{"rendered":"<p>&#8220;el a\u011fz\u0131na d\u00fc\u015f\u0259n xeyir g\u00f6rm\u0259z&#8221; atalar s\u00f6z\u00fcn\u00fcn m\u0259nas\u0131, bir \u015feyin ba\u015fqalar\u0131na, x\u00fcsusil\u0259 d\u0259 c\u0259miyy\u0259t\u0259, tan\u0131d\u0131lmadan, ya da m\u00fczakir\u0259 edilm\u0259d\u0259n, d\u0259y\u0259rini itirm\u0259si v\u0259 ya g\u00f6zl\u0259nil\u0259n faydan\u0131 verm\u0259m\u0259si dem\u0259kdir. Bu s\u00f6z, bir \u015feyin yaln\u0131z \u00f6z\u0259l olaraq saxlan\u0131ld\u0131\u011f\u0131nda v\u0259 ya gizli qald\u0131\u011f\u0131nda daha d\u0259y\u0259rli oldu\u011funu vur\u011fulay\u0131r. Y\u0259ni, bir \u015feyin \u0259h\u0259miyy\u0259ti, onun payla\u015f\u0131lmas\u0131nda v\u0259 ya ba\u015fqalar\u0131 il\u0259 b\u00f6l\u00fc\u015f\u00fclm\u0259sind\u0259 azala bil\u0259r.<\/p>\n<p><b>Q\u0131sa M\u0259nas\u0131<\/b><br \/> Bu atalar s\u00f6z\u00fc, bir \u015feyin c\u0259miyy\u0259t\u0259 a\u00e7\u0131lmadan d\u0259y\u0259rini itir\u0259c\u0259yini ifad\u0259 edir.<\/p>\n","protected":false},"excerpt":{"rendered":"<p>&#8220;el a\u011fz\u0131na d\u00fc\u015f\u0259n xeyir g\u00f6rm\u0259z&#8221; atalar s\u00f6z\u00fcn\u00fcn m\u0259nas\u0131, bir \u015feyin ba\u015fqalar\u0131na, x\u00fcsusil\u0259 d\u0259 c\u0259miyy\u0259t\u0259, tan\u0131d\u0131lmadan, ya da m\u00fczakir\u0259 edilm\u0259d\u0259n, d\u0259y\u0259rini itirm\u0259si v\u0259 ya g\u00f6zl\u0259nil\u0259n faydan\u0131 verm\u0259m\u0259si dem\u0259kdir. Bu s\u00f6z, bir \u015feyin yaln\u0131z \u00f6z\u0259l olaraq saxlan\u0131ld\u0131\u011f\u0131nda v\u0259 ya gizli qald\u0131\u011f\u0131nda daha d\u0259y\u0259rli oldu\u011funu vur\u011fulay\u0131r. Y\u0259ni, bir \u015feyin \u0259h\u0259miyy\u0259ti, onun payla\u015f\u0131lmas\u0131nda v\u0259 ya ba\u015fqalar\u0131 il\u0259 b\u00f6l\u00fc\u015f\u00fclm\u0259sind\u0259 azala &#8230; <a title=\"El A\u011fz\u0131na D\u00fc\u015f\u0259n Xeyir G\u00f6rm\u0259z\" class=\"read-more\" href=\"https:\/\/nedir.az\/atalar-sozleri\/el-agzina-dusen-xeyir-gormez-atalar-sozunun-menasi-nedir\" aria-label=\"Read more about El A\u011fz\u0131na D\u00fc\u015f\u0259n Xeyir G\u00f6rm\u0259z\">Read more<\/a><\/p>\n","protected":false},"author":2,"featured_media":0,"comment_status":"open","ping_status":"open","sticky":false,"template":"","format":"standard","meta":{"footnotes":""},"categories":[1],"tags":[],"class_list":["post-6211","post","type-post","status-publish","format-standard","hentry","category-atalar-sozleri-atalar-sozu"],"aioseo_notices":[],"_links":{"self":[{"href":"https:\/\/nedir.az\/atalar-sozleri\/wp-json\/wp\/v2\/posts\/6211","targetHints":{"allow":["GET"]}}],"collection":[{"href":"https:\/\/nedir.az\/atalar-sozleri\/wp-json\/wp\/v2\/posts"}],"about":[{"href":"https:\/\/nedir.az\/atalar-sozleri\/wp-json\/wp\/v2\/types\/post"}],"author":[{"embeddable":true,"href":"https:\/\/nedir.az\/atalar-sozleri\/wp-json\/wp\/v2\/users\/2"}],"replies":[{"embeddable":true,"href":"https:\/\/nedir.az\/atalar-sozleri\/wp-json\/wp\/v2\/comments?post=6211"}],"version-history":[{"count":0,"href":"https:\/\/nedir.az\/atalar-sozleri\/wp-json\/wp\/v2\/posts\/6211\/revisions"}],"wp:attachment":[{"href":"https:\/\/nedir.az\/atalar-sozleri\/wp-json\/wp\/v2\/media?parent=6211"}],"wp:term":[{"taxonomy":"category","embeddable":true,"href":"https:\/\/nedir.az\/atalar-sozleri\/wp-json\/wp\/v2\/categories?post=6211"},{"taxonomy":"post_tag","embeddable":true,"href":"https:\/\/nedir.az\/atalar-sozleri\/wp-json\/wp\/v2\/tags?post=6211"}],"curies":[{"name":"wp","href":"https:\/\/api.w.org\/{rel}","templated":true}]}}