{"id":6210,"date":"2024-09-06T21:34:16","date_gmt":"2024-09-06T21:34:16","guid":{"rendered":""},"modified":"-0001-11-30T00:00:00","modified_gmt":"-0001-11-29T21:00:00","slug":"el-agzina-baxan-qarisini-tez-bosar","status":"publish","type":"post","link":"https:\/\/nedir.az\/atalar-sozleri\/el-agzina-baxan-qarisini-tez-bosar-atalar-sozunun-menasi-nedir","title":{"rendered":"El A\u011fz\u0131na Baxan, Qar\u0131s\u0131n\u0131 Tez Bo\u015far"},"content":{"rendered":"<p>&#8220;el a\u011fz\u0131na baxan, qar\u0131s\u0131n\u0131 tez bo\u015far&#8221; atalar s\u00f6z\u00fc, bir insan\u0131n ba\u015fqalar\u0131n\u0131n fikirl\u0259rin\u0259, dedikl\u0259rin\u0259 \u00e7ox \u0259h\u0259miyy\u0259t verdiyini v\u0259 bu s\u0259b\u0259bd\u0259n \u00f6z h\u0259yat\u0131nda, x\u00fcsusil\u0259 d\u0259 ail\u0259 m\u00fcnasib\u0259tl\u0259rind\u0259 probleml\u0259r ya\u015fad\u0131\u011f\u0131n\u0131 ifad\u0259 edir. Bu s\u00f6z, insanlar\u0131n \u00f6z q\u0259rarlar\u0131n\u0131 verm\u0259kd\u0259 m\u00fcst\u0259qil olmalar\u0131 v\u0259 ba\u015fqalar\u0131n\u0131n t\u0259sirind\u0259n uzaq durmalar\u0131 g\u0259r\u0259kdiyini vur\u011fulay\u0131r. Ba\u015fqalar\u0131n\u0131n fikirl\u0259rin\u0259 \u00e7ox ba\u011fl\u0131 olan insanlar, \u00f6z ail\u0259 v\u0259 m\u00fcnasib\u0259tl\u0259rind\u0259 \u00e7\u0259tinlikl\u0259r ya\u015fay\u0131r, \u00e7\u00fcnki onlar\u0131n davran\u0131\u015flar\u0131 v\u0259 q\u0259rarlar\u0131 ba\u015fqalar\u0131n\u0131n g\u00f6zl\u0259ntil\u0259rin\u0259 uy\u011funla\u015fma\u011fa \u00e7al\u0131\u015f\u0131r.<\/p>\n<p><b>Q\u0131sa M\u0259nas\u0131<\/b><br \/> Ba\u015fqalar\u0131n\u0131n fikirl\u0259rin\u0259 \u00e7ox \u0259h\u0259miyy\u0259t ver\u0259n insanlar, \u00f6z m\u00fcnasib\u0259tl\u0259rind\u0259 \u00e7\u0259tinlikl\u0259r ya\u015fay\u0131r.<\/p>\n","protected":false},"excerpt":{"rendered":"<p>&#8220;el a\u011fz\u0131na baxan, qar\u0131s\u0131n\u0131 tez bo\u015far&#8221; atalar s\u00f6z\u00fc, bir insan\u0131n ba\u015fqalar\u0131n\u0131n fikirl\u0259rin\u0259, dedikl\u0259rin\u0259 \u00e7ox \u0259h\u0259miyy\u0259t verdiyini v\u0259 bu s\u0259b\u0259bd\u0259n \u00f6z h\u0259yat\u0131nda, x\u00fcsusil\u0259 d\u0259 ail\u0259 m\u00fcnasib\u0259tl\u0259rind\u0259 probleml\u0259r ya\u015fad\u0131\u011f\u0131n\u0131 ifad\u0259 edir. Bu s\u00f6z, insanlar\u0131n \u00f6z q\u0259rarlar\u0131n\u0131 verm\u0259kd\u0259 m\u00fcst\u0259qil olmalar\u0131 v\u0259 ba\u015fqalar\u0131n\u0131n t\u0259sirind\u0259n uzaq durmalar\u0131 g\u0259r\u0259kdiyini vur\u011fulay\u0131r. Ba\u015fqalar\u0131n\u0131n fikirl\u0259rin\u0259 \u00e7ox ba\u011fl\u0131 olan insanlar, \u00f6z ail\u0259 v\u0259 m\u00fcnasib\u0259tl\u0259rind\u0259 \u00e7\u0259tinlikl\u0259r &#8230; <a title=\"El A\u011fz\u0131na Baxan, Qar\u0131s\u0131n\u0131 Tez Bo\u015far\" class=\"read-more\" href=\"https:\/\/nedir.az\/atalar-sozleri\/el-agzina-baxan-qarisini-tez-bosar-atalar-sozunun-menasi-nedir\" aria-label=\"Read more about El A\u011fz\u0131na Baxan, Qar\u0131s\u0131n\u0131 Tez Bo\u015far\">Read more<\/a><\/p>\n","protected":false},"author":2,"featured_media":0,"comment_status":"open","ping_status":"open","sticky":false,"template":"","format":"standard","meta":{"footnotes":""},"categories":[1],"tags":[],"class_list":["post-6210","post","type-post","status-publish","format-standard","hentry","category-atalar-sozleri-atalar-sozu"],"aioseo_notices":[],"_links":{"self":[{"href":"https:\/\/nedir.az\/atalar-sozleri\/wp-json\/wp\/v2\/posts\/6210","targetHints":{"allow":["GET"]}}],"collection":[{"href":"https:\/\/nedir.az\/atalar-sozleri\/wp-json\/wp\/v2\/posts"}],"about":[{"href":"https:\/\/nedir.az\/atalar-sozleri\/wp-json\/wp\/v2\/types\/post"}],"author":[{"embeddable":true,"href":"https:\/\/nedir.az\/atalar-sozleri\/wp-json\/wp\/v2\/users\/2"}],"replies":[{"embeddable":true,"href":"https:\/\/nedir.az\/atalar-sozleri\/wp-json\/wp\/v2\/comments?post=6210"}],"version-history":[{"count":0,"href":"https:\/\/nedir.az\/atalar-sozleri\/wp-json\/wp\/v2\/posts\/6210\/revisions"}],"wp:attachment":[{"href":"https:\/\/nedir.az\/atalar-sozleri\/wp-json\/wp\/v2\/media?parent=6210"}],"wp:term":[{"taxonomy":"category","embeddable":true,"href":"https:\/\/nedir.az\/atalar-sozleri\/wp-json\/wp\/v2\/categories?post=6210"},{"taxonomy":"post_tag","embeddable":true,"href":"https:\/\/nedir.az\/atalar-sozleri\/wp-json\/wp\/v2\/tags?post=6210"}],"curies":[{"name":"wp","href":"https:\/\/api.w.org\/{rel}","templated":true}]}}