{"id":6208,"date":"2024-09-06T21:34:16","date_gmt":"2024-09-06T21:34:16","guid":{"rendered":""},"modified":"-0001-11-30T00:00:00","modified_gmt":"-0001-11-29T21:00:00","slug":"el-agzi-torba-deyil-ki-buzesen","status":"publish","type":"post","link":"https:\/\/nedir.az\/atalar-sozleri\/el-agzi-torba-deyil-ki-buzesen-atalar-sozunun-menasi-nedir","title":{"rendered":"El A\u011fz\u0131 Torba Deyil Ki, B\u00fcz\u0259s\u0259n!"},"content":{"rendered":"<p>&#8220;el a\u011fz\u0131 torba deyil ki, b\u00fcz\u0259s\u0259n!&#8221; atalar s\u00f6z\u00fcn\u00fcn m\u0259nas\u0131, insanlar\u0131n bir-birin\u0259 olan m\u00fcnasib\u0259tl\u0259rind\u0259, s\u00f6zl\u0259rin v\u0259 fikirl\u0259rin a\u00e7\u0131q \u015f\u0259kild\u0259 ifad\u0259 olunmas\u0131n\u0131n vacibliyini vur\u011fulay\u0131r. Bu atalar s\u00f6z\u00fc, insanlar\u0131n d\u00fc\u015f\u00fcnd\u00fckl\u0259rini, hiss etdikl\u0259rini gizl\u0259tm\u0259m\u0259l\u0259rinin, a\u00e7\u0131q dan\u0131\u015fmalar\u0131n\u0131n laz\u0131m oldu\u011funu bildirir. Y\u0259ni, bir insan\u0131n d\u00fc\u015f\u00fcnc\u0259l\u0259rini, hissl\u0259rini gizl\u0259tm\u0259si, onlar\u0131 bir yer\u0259 y\u0131\u011fmas\u0131 m\u00fcmk\u00fcn deyil, \u00e7\u00fcnki bu, insan\u0131n t\u0259bi\u0259tin\u0259 ziddir. <\/p>\n<p><b>Q\u0131sa M\u0259nas\u0131<\/b><br \/> \u0130nsanlar\u0131n fikirl\u0259rini a\u00e7\u0131q ifad\u0259 etm\u0259l\u0259rinin vacibliyini vur\u011fulay\u0131r.<\/p>\n","protected":false},"excerpt":{"rendered":"<p>&#8220;el a\u011fz\u0131 torba deyil ki, b\u00fcz\u0259s\u0259n!&#8221; atalar s\u00f6z\u00fcn\u00fcn m\u0259nas\u0131, insanlar\u0131n bir-birin\u0259 olan m\u00fcnasib\u0259tl\u0259rind\u0259, s\u00f6zl\u0259rin v\u0259 fikirl\u0259rin a\u00e7\u0131q \u015f\u0259kild\u0259 ifad\u0259 olunmas\u0131n\u0131n vacibliyini vur\u011fulay\u0131r. Bu atalar s\u00f6z\u00fc, insanlar\u0131n d\u00fc\u015f\u00fcnd\u00fckl\u0259rini, hiss etdikl\u0259rini gizl\u0259tm\u0259m\u0259l\u0259rinin, a\u00e7\u0131q dan\u0131\u015fmalar\u0131n\u0131n laz\u0131m oldu\u011funu bildirir. Y\u0259ni, bir insan\u0131n d\u00fc\u015f\u00fcnc\u0259l\u0259rini, hissl\u0259rini gizl\u0259tm\u0259si, onlar\u0131 bir yer\u0259 y\u0131\u011fmas\u0131 m\u00fcmk\u00fcn deyil, \u00e7\u00fcnki bu, insan\u0131n t\u0259bi\u0259tin\u0259 ziddir. Q\u0131sa M\u0259nas\u0131 \u0130nsanlar\u0131n &#8230; <a title=\"El A\u011fz\u0131 Torba Deyil Ki, B\u00fcz\u0259s\u0259n!\" class=\"read-more\" href=\"https:\/\/nedir.az\/atalar-sozleri\/el-agzi-torba-deyil-ki-buzesen-atalar-sozunun-menasi-nedir\" aria-label=\"Read more about El A\u011fz\u0131 Torba Deyil Ki, B\u00fcz\u0259s\u0259n!\">Read more<\/a><\/p>\n","protected":false},"author":2,"featured_media":0,"comment_status":"open","ping_status":"open","sticky":false,"template":"","format":"standard","meta":{"footnotes":""},"categories":[1],"tags":[],"class_list":["post-6208","post","type-post","status-publish","format-standard","hentry","category-atalar-sozleri-atalar-sozu"],"aioseo_notices":[],"_links":{"self":[{"href":"https:\/\/nedir.az\/atalar-sozleri\/wp-json\/wp\/v2\/posts\/6208","targetHints":{"allow":["GET"]}}],"collection":[{"href":"https:\/\/nedir.az\/atalar-sozleri\/wp-json\/wp\/v2\/posts"}],"about":[{"href":"https:\/\/nedir.az\/atalar-sozleri\/wp-json\/wp\/v2\/types\/post"}],"author":[{"embeddable":true,"href":"https:\/\/nedir.az\/atalar-sozleri\/wp-json\/wp\/v2\/users\/2"}],"replies":[{"embeddable":true,"href":"https:\/\/nedir.az\/atalar-sozleri\/wp-json\/wp\/v2\/comments?post=6208"}],"version-history":[{"count":0,"href":"https:\/\/nedir.az\/atalar-sozleri\/wp-json\/wp\/v2\/posts\/6208\/revisions"}],"wp:attachment":[{"href":"https:\/\/nedir.az\/atalar-sozleri\/wp-json\/wp\/v2\/media?parent=6208"}],"wp:term":[{"taxonomy":"category","embeddable":true,"href":"https:\/\/nedir.az\/atalar-sozleri\/wp-json\/wp\/v2\/categories?post=6208"},{"taxonomy":"post_tag","embeddable":true,"href":"https:\/\/nedir.az\/atalar-sozleri\/wp-json\/wp\/v2\/tags?post=6208"}],"curies":[{"name":"wp","href":"https:\/\/api.w.org\/{rel}","templated":true}]}}