{"id":6207,"date":"2024-09-06T21:34:16","date_gmt":"2024-09-06T21:34:16","guid":{"rendered":""},"modified":"-0001-11-30T00:00:00","modified_gmt":"-0001-11-29T21:00:00","slug":"el-agzi-kerametdir","status":"publish","type":"post","link":"https:\/\/nedir.az\/atalar-sozleri\/el-agzi-kerametdir-atalar-sozunun-menasi-nedir","title":{"rendered":"El A\u011fz\u0131 K\u0259ram\u0259tdir"},"content":{"rendered":"<p>&#8220;el a\u011fz\u0131 k\u0259ram\u0259tdir&#8221; atalar s\u00f6z\u00fcn\u00fcn m\u0259nas\u0131, insanlar\u0131n bir-birin\u0259 olan m\u00fcnasib\u0259tl\u0259rind\u0259, c\u0259miyy\u0259t i\u00e7ind\u0259ki s\u00f6z\u00fcn v\u0259 dilin g\u00fcc\u00fcn\u00fc vur\u011fulay\u0131r. Bu ifad\u0259, insanlar\u0131n dedikl\u0259rinin, s\u00f6yl\u0259dikl\u0259rinin v\u0259 ya yay\u0131lan s\u00f6zl\u0259rin, b\u0259z\u0259n g\u00f6zl\u0259 g\u00f6r\u00fclm\u0259y\u0259n, amma d\u0259rin t\u0259sir\u0259 malik oldu\u011funu g\u00f6st\u0259rir. Y\u0259ni, bir insan\u0131n dediyi s\u00f6zl\u0259r, onun n\u00fcfuzunu, etibar\u0131n\u0131 v\u0259 c\u0259miyy\u0259td\u0259ki yerini m\u00fc\u0259yy\u0259n ed\u0259 bil\u0259r. Bu atalar s\u00f6z\u00fc, insanlar\u0131n bir-birin\u0259 olan m\u00fcnasib\u0259tl\u0259rind\u0259 diqq\u0259tli olmalar\u0131n\u0131, dedikl\u0259ri s\u00f6zl\u0259rin a\u011f\u0131rl\u0131\u011f\u0131n\u0131 anlamalar\u0131n\u0131 t\u00f6vsiy\u0259 edir.<\/p>\n<p><b>Q\u0131sa M\u0259nas\u0131<\/b><br \/> S\u00f6z\u00fcn g\u00fcc\u00fc v\u0259 c\u0259miyy\u0259td\u0259ki t\u0259siri.<\/p>\n","protected":false},"excerpt":{"rendered":"<p>&#8220;el a\u011fz\u0131 k\u0259ram\u0259tdir&#8221; atalar s\u00f6z\u00fcn\u00fcn m\u0259nas\u0131, insanlar\u0131n bir-birin\u0259 olan m\u00fcnasib\u0259tl\u0259rind\u0259, c\u0259miyy\u0259t i\u00e7ind\u0259ki s\u00f6z\u00fcn v\u0259 dilin g\u00fcc\u00fcn\u00fc vur\u011fulay\u0131r. Bu ifad\u0259, insanlar\u0131n dedikl\u0259rinin, s\u00f6yl\u0259dikl\u0259rinin v\u0259 ya yay\u0131lan s\u00f6zl\u0259rin, b\u0259z\u0259n g\u00f6zl\u0259 g\u00f6r\u00fclm\u0259y\u0259n, amma d\u0259rin t\u0259sir\u0259 malik oldu\u011funu g\u00f6st\u0259rir. Y\u0259ni, bir insan\u0131n dediyi s\u00f6zl\u0259r, onun n\u00fcfuzunu, etibar\u0131n\u0131 v\u0259 c\u0259miyy\u0259td\u0259ki yerini m\u00fc\u0259yy\u0259n ed\u0259 bil\u0259r. Bu atalar s\u00f6z\u00fc, insanlar\u0131n bir-birin\u0259 olan &#8230; <a title=\"El A\u011fz\u0131 K\u0259ram\u0259tdir\" class=\"read-more\" href=\"https:\/\/nedir.az\/atalar-sozleri\/el-agzi-kerametdir-atalar-sozunun-menasi-nedir\" aria-label=\"Read more about El A\u011fz\u0131 K\u0259ram\u0259tdir\">Read more<\/a><\/p>\n","protected":false},"author":2,"featured_media":0,"comment_status":"open","ping_status":"open","sticky":false,"template":"","format":"standard","meta":{"footnotes":""},"categories":[1],"tags":[],"class_list":["post-6207","post","type-post","status-publish","format-standard","hentry","category-atalar-sozleri-atalar-sozu"],"aioseo_notices":[],"_links":{"self":[{"href":"https:\/\/nedir.az\/atalar-sozleri\/wp-json\/wp\/v2\/posts\/6207","targetHints":{"allow":["GET"]}}],"collection":[{"href":"https:\/\/nedir.az\/atalar-sozleri\/wp-json\/wp\/v2\/posts"}],"about":[{"href":"https:\/\/nedir.az\/atalar-sozleri\/wp-json\/wp\/v2\/types\/post"}],"author":[{"embeddable":true,"href":"https:\/\/nedir.az\/atalar-sozleri\/wp-json\/wp\/v2\/users\/2"}],"replies":[{"embeddable":true,"href":"https:\/\/nedir.az\/atalar-sozleri\/wp-json\/wp\/v2\/comments?post=6207"}],"version-history":[{"count":0,"href":"https:\/\/nedir.az\/atalar-sozleri\/wp-json\/wp\/v2\/posts\/6207\/revisions"}],"wp:attachment":[{"href":"https:\/\/nedir.az\/atalar-sozleri\/wp-json\/wp\/v2\/media?parent=6207"}],"wp:term":[{"taxonomy":"category","embeddable":true,"href":"https:\/\/nedir.az\/atalar-sozleri\/wp-json\/wp\/v2\/categories?post=6207"},{"taxonomy":"post_tag","embeddable":true,"href":"https:\/\/nedir.az\/atalar-sozleri\/wp-json\/wp\/v2\/tags?post=6207"}],"curies":[{"name":"wp","href":"https:\/\/api.w.org\/{rel}","templated":true}]}}