{"id":6206,"date":"2024-09-06T21:34:16","date_gmt":"2024-09-06T21:34:16","guid":{"rendered":""},"modified":"-0001-11-30T00:00:00","modified_gmt":"-0001-11-29T21:00:00","slug":"el-agzi-ile-sorba-icilmez","status":"publish","type":"post","link":"https:\/\/nedir.az\/atalar-sozleri\/el-agzi-ile-sorba-icilmez-atalar-sozunun-menasi-nedir","title":{"rendered":"El A\u011fz\u0131 il\u0259 \u015eorba I\u00e7ilm\u0259z"},"content":{"rendered":"<p>&#8220;el a\u011fz\u0131 il\u0259 \u015forba i\u00e7ilm\u0259z&#8221; atalar s\u00f6z\u00fcn\u00fcn m\u0259nas\u0131, bir i\u015fin, bir f\u0259aliyy\u0259tin ya da bir m\u00fczakir\u0259nin yaln\u0131z ba\u015fqalar\u0131n\u0131n fikirl\u0259ri il\u0259 deyil, \u00f6z d\u00fc\u015f\u00fcnc\u0259 v\u0259 q\u0259rarlar\u0131m\u0131zla h\u0259yata ke\u00e7irilm\u0259li oldu\u011funu vur\u011fulay\u0131r. Bu atalar s\u00f6z\u00fc, insanlar\u0131n \u00f6z irad\u0259l\u0259ri il\u0259, ba\u015fqalar\u0131n\u0131n t\u0259sirind\u0259n uzaq \u015f\u0259kild\u0259 h\u0259r\u0259k\u0259t etm\u0259l\u0259rinin vacibliyini bildirir. Y\u0259ni, ba\u015fqalar\u0131n\u0131n fikirl\u0259rin\u0259 \u00e7ox ba\u011fl\u0131 qalmadan, \u00f6z d\u00fc\u015f\u00fcnc\u0259l\u0259rimizi \u00f6n planda tutmal\u0131y\u0131q. <\/p>\n<p><b>Q\u0131sa M\u0259nas\u0131<\/b><br \/> \u00d6z irad\u0259 v\u0259 d\u00fc\u015f\u00fcnc\u0259l\u0259rimizl\u0259 h\u0259r\u0259k\u0259t etm\u0259yin vacibliyini vur\u011fulay\u0131r.<\/p>\n","protected":false},"excerpt":{"rendered":"<p>&#8220;el a\u011fz\u0131 il\u0259 \u015forba i\u00e7ilm\u0259z&#8221; atalar s\u00f6z\u00fcn\u00fcn m\u0259nas\u0131, bir i\u015fin, bir f\u0259aliyy\u0259tin ya da bir m\u00fczakir\u0259nin yaln\u0131z ba\u015fqalar\u0131n\u0131n fikirl\u0259ri il\u0259 deyil, \u00f6z d\u00fc\u015f\u00fcnc\u0259 v\u0259 q\u0259rarlar\u0131m\u0131zla h\u0259yata ke\u00e7irilm\u0259li oldu\u011funu vur\u011fulay\u0131r. Bu atalar s\u00f6z\u00fc, insanlar\u0131n \u00f6z irad\u0259l\u0259ri il\u0259, ba\u015fqalar\u0131n\u0131n t\u0259sirind\u0259n uzaq \u015f\u0259kild\u0259 h\u0259r\u0259k\u0259t etm\u0259l\u0259rinin vacibliyini bildirir. Y\u0259ni, ba\u015fqalar\u0131n\u0131n fikirl\u0259rin\u0259 \u00e7ox ba\u011fl\u0131 qalmadan, \u00f6z d\u00fc\u015f\u00fcnc\u0259l\u0259rimizi \u00f6n planda tutmal\u0131y\u0131q. &#8230; <a title=\"El A\u011fz\u0131 il\u0259 \u015eorba I\u00e7ilm\u0259z\" class=\"read-more\" href=\"https:\/\/nedir.az\/atalar-sozleri\/el-agzi-ile-sorba-icilmez-atalar-sozunun-menasi-nedir\" aria-label=\"Read more about El A\u011fz\u0131 il\u0259 \u015eorba I\u00e7ilm\u0259z\">Read more<\/a><\/p>\n","protected":false},"author":2,"featured_media":0,"comment_status":"open","ping_status":"open","sticky":false,"template":"","format":"standard","meta":{"footnotes":""},"categories":[1],"tags":[],"class_list":["post-6206","post","type-post","status-publish","format-standard","hentry","category-atalar-sozleri-atalar-sozu"],"aioseo_notices":[],"_links":{"self":[{"href":"https:\/\/nedir.az\/atalar-sozleri\/wp-json\/wp\/v2\/posts\/6206","targetHints":{"allow":["GET"]}}],"collection":[{"href":"https:\/\/nedir.az\/atalar-sozleri\/wp-json\/wp\/v2\/posts"}],"about":[{"href":"https:\/\/nedir.az\/atalar-sozleri\/wp-json\/wp\/v2\/types\/post"}],"author":[{"embeddable":true,"href":"https:\/\/nedir.az\/atalar-sozleri\/wp-json\/wp\/v2\/users\/2"}],"replies":[{"embeddable":true,"href":"https:\/\/nedir.az\/atalar-sozleri\/wp-json\/wp\/v2\/comments?post=6206"}],"version-history":[{"count":0,"href":"https:\/\/nedir.az\/atalar-sozleri\/wp-json\/wp\/v2\/posts\/6206\/revisions"}],"wp:attachment":[{"href":"https:\/\/nedir.az\/atalar-sozleri\/wp-json\/wp\/v2\/media?parent=6206"}],"wp:term":[{"taxonomy":"category","embeddable":true,"href":"https:\/\/nedir.az\/atalar-sozleri\/wp-json\/wp\/v2\/categories?post=6206"},{"taxonomy":"post_tag","embeddable":true,"href":"https:\/\/nedir.az\/atalar-sozleri\/wp-json\/wp\/v2\/tags?post=6206"}],"curies":[{"name":"wp","href":"https:\/\/api.w.org\/{rel}","templated":true}]}}