{"id":6205,"date":"2024-09-06T21:34:16","date_gmt":"2024-09-06T21:34:16","guid":{"rendered":""},"modified":"-0001-11-30T00:00:00","modified_gmt":"-0001-11-29T21:00:00","slug":"el-agzi-ile-qus-tutulmaz","status":"publish","type":"post","link":"https:\/\/nedir.az\/atalar-sozleri\/el-agzi-ile-qus-tutulmaz-atalar-sozunun-menasi-nedir","title":{"rendered":"El A\u011fz\u0131 il\u0259 Qu\u015f Tutulmaz."},"content":{"rendered":"<p>&#8220;el a\u011fz\u0131 il\u0259 qu\u015f tutulmaz. atalar s\u00f6z\u00fcn\u00fcn m\u0259nas\u0131, insanlar\u0131n bir-birin\u0259 dedikl\u0259ri s\u00f6zl\u0259rin, \u015fayi\u0259l\u0259rin v\u0259 ya dedikodular\u0131n ger\u00e7\u0259kliyi \u0259ks etdirm\u0259diyini, y\u0259ni ba\u015fqalar\u0131n\u0131n fikirl\u0259rin\u0259, s\u00f6zl\u0259rin\u0259 \u0259saslanaraq q\u0259rar verm\u0259yin do\u011fru olmad\u0131\u011f\u0131n\u0131 bildirir. Bu atalar s\u00f6z\u00fc, bir \u015feyin yaln\u0131z s\u00f6zl\u0259rl\u0259 deyil, \u0259m\u0259ll\u0259rl\u0259, faktlarla s\u00fcbut olunmas\u0131 g\u0259r\u0259kdiyini vur\u011fulay\u0131r. \u0130nsanlar\u0131n dedikl\u0259rin\u0259 etibar etm\u0259d\u0259n, \u00f6z g\u00f6zl\u0259ml\u0259rimiz\u0259 v\u0259 t\u0259cr\u00fcb\u0259l\u0259rimiz\u0259 \u0259saslanma\u011f\u0131n vacibliyini ifad\u0259 edir.<\/p>\n<p><b>Q\u0131sa M\u0259nas\u0131<\/b><br \/> S\u00f6zl\u0259r\u0259 deyil, \u0259m\u0259ll\u0259r\u0259 etibar etm\u0259k g\u0259r\u0259kdir.<\/p>\n","protected":false},"excerpt":{"rendered":"<p>&#8220;el a\u011fz\u0131 il\u0259 qu\u015f tutulmaz. atalar s\u00f6z\u00fcn\u00fcn m\u0259nas\u0131, insanlar\u0131n bir-birin\u0259 dedikl\u0259ri s\u00f6zl\u0259rin, \u015fayi\u0259l\u0259rin v\u0259 ya dedikodular\u0131n ger\u00e7\u0259kliyi \u0259ks etdirm\u0259diyini, y\u0259ni ba\u015fqalar\u0131n\u0131n fikirl\u0259rin\u0259, s\u00f6zl\u0259rin\u0259 \u0259saslanaraq q\u0259rar verm\u0259yin do\u011fru olmad\u0131\u011f\u0131n\u0131 bildirir. Bu atalar s\u00f6z\u00fc, bir \u015feyin yaln\u0131z s\u00f6zl\u0259rl\u0259 deyil, \u0259m\u0259ll\u0259rl\u0259, faktlarla s\u00fcbut olunmas\u0131 g\u0259r\u0259kdiyini vur\u011fulay\u0131r. \u0130nsanlar\u0131n dedikl\u0259rin\u0259 etibar etm\u0259d\u0259n, \u00f6z g\u00f6zl\u0259ml\u0259rimiz\u0259 v\u0259 t\u0259cr\u00fcb\u0259l\u0259rimiz\u0259 \u0259saslanma\u011f\u0131n vacibliyini ifad\u0259 edir. &#8230; <a title=\"El A\u011fz\u0131 il\u0259 Qu\u015f Tutulmaz.\" class=\"read-more\" href=\"https:\/\/nedir.az\/atalar-sozleri\/el-agzi-ile-qus-tutulmaz-atalar-sozunun-menasi-nedir\" aria-label=\"Read more about El A\u011fz\u0131 il\u0259 Qu\u015f Tutulmaz.\">Read more<\/a><\/p>\n","protected":false},"author":2,"featured_media":0,"comment_status":"open","ping_status":"open","sticky":false,"template":"","format":"standard","meta":{"footnotes":""},"categories":[1],"tags":[],"class_list":["post-6205","post","type-post","status-publish","format-standard","hentry","category-atalar-sozleri-atalar-sozu"],"aioseo_notices":[],"_links":{"self":[{"href":"https:\/\/nedir.az\/atalar-sozleri\/wp-json\/wp\/v2\/posts\/6205","targetHints":{"allow":["GET"]}}],"collection":[{"href":"https:\/\/nedir.az\/atalar-sozleri\/wp-json\/wp\/v2\/posts"}],"about":[{"href":"https:\/\/nedir.az\/atalar-sozleri\/wp-json\/wp\/v2\/types\/post"}],"author":[{"embeddable":true,"href":"https:\/\/nedir.az\/atalar-sozleri\/wp-json\/wp\/v2\/users\/2"}],"replies":[{"embeddable":true,"href":"https:\/\/nedir.az\/atalar-sozleri\/wp-json\/wp\/v2\/comments?post=6205"}],"version-history":[{"count":0,"href":"https:\/\/nedir.az\/atalar-sozleri\/wp-json\/wp\/v2\/posts\/6205\/revisions"}],"wp:attachment":[{"href":"https:\/\/nedir.az\/atalar-sozleri\/wp-json\/wp\/v2\/media?parent=6205"}],"wp:term":[{"taxonomy":"category","embeddable":true,"href":"https:\/\/nedir.az\/atalar-sozleri\/wp-json\/wp\/v2\/categories?post=6205"},{"taxonomy":"post_tag","embeddable":true,"href":"https:\/\/nedir.az\/atalar-sozleri\/wp-json\/wp\/v2\/tags?post=6205"}],"curies":[{"name":"wp","href":"https:\/\/api.w.org\/{rel}","templated":true}]}}