{"id":6203,"date":"2024-09-06T21:34:16","date_gmt":"2024-09-06T21:34:16","guid":{"rendered":""},"modified":"-0001-11-30T00:00:00","modified_gmt":"-0001-11-29T21:00:00","slug":"el-agzi-cuval-agzi-deyil-ki-baglayasan","status":"publish","type":"post","link":"https:\/\/nedir.az\/atalar-sozleri\/el-agzi-cuval-agzi-deyil-ki-baglayasan-atalar-sozunun-menasi-nedir","title":{"rendered":"El A\u011fz\u0131 \u00c7uval A\u011fz\u0131 Deyil Ki, Ba\u011flayasan"},"content":{"rendered":"<p>&#8220;el a\u011fz\u0131 \u00e7uval a\u011fz\u0131 deyil ki, ba\u011flayasan&#8221; atalar s\u00f6z\u00fc, insanlar\u0131n aras\u0131nda yay\u0131lan s\u00f6zl\u0259rin, dedikodular\u0131n v\u0259 fikirl\u0259rin n\u0259 q\u0259d\u0259r t\u0259sirli oldu\u011funu vur\u011fulay\u0131r. Bu ifad\u0259, c\u0259miyy\u0259tin fikirl\u0259rinin, s\u00f6zl\u0259rinin v\u0259 m\u00fclahiz\u0259l\u0259rinin a\u00e7\u0131q \u015f\u0259kild\u0259 ifad\u0259 edildiyini, onlar\u0131 gizl\u0259tm\u0259yin m\u00fcmk\u00fcn olmad\u0131\u011f\u0131n\u0131 bildirir. \u0130nsanlar aras\u0131nda yay\u0131lan m\u0259lumatlar\u0131n, h\u0259tta yanl\u0131\u015f olsa bel\u0259, c\u0259miyy\u0259tin d\u00fc\u015f\u00fcnc\u0259sin\u0259 t\u0259sir ed\u0259 bil\u0259c\u0259yini g\u00f6st\u0259rir. Bu atalar s\u00f6z\u00fc, insanlar\u0131n bir-birin\u0259 qar\u015f\u0131 olan m\u00fcnasib\u0259tl\u0259rind\u0259 diqq\u0259tli olmalar\u0131n\u0131, dedikl\u0259rinin c\u0259miyy\u0259t\u0259 nec\u0259 t\u0259sir ed\u0259c\u0259yini d\u00fc\u015f\u00fcnm\u0259l\u0259rini t\u00f6vsiy\u0259 edir.<\/p>\n<p><b>Q\u0131sa M\u0259nas\u0131<\/b><br \/>Bu atalar s\u00f6z\u00fc, insanlar\u0131n dedikl\u0259rinin c\u0259miyy\u0259t\u0259 t\u0259sirini vur\u011fulay\u0131r, s\u00f6zl\u0259rin gizl\u0259dil\u0259 bilm\u0259y\u0259c\u0259yini bildirir.<\/p>\n","protected":false},"excerpt":{"rendered":"<p>&#8220;el a\u011fz\u0131 \u00e7uval a\u011fz\u0131 deyil ki, ba\u011flayasan&#8221; atalar s\u00f6z\u00fc, insanlar\u0131n aras\u0131nda yay\u0131lan s\u00f6zl\u0259rin, dedikodular\u0131n v\u0259 fikirl\u0259rin n\u0259 q\u0259d\u0259r t\u0259sirli oldu\u011funu vur\u011fulay\u0131r. Bu ifad\u0259, c\u0259miyy\u0259tin fikirl\u0259rinin, s\u00f6zl\u0259rinin v\u0259 m\u00fclahiz\u0259l\u0259rinin a\u00e7\u0131q \u015f\u0259kild\u0259 ifad\u0259 edildiyini, onlar\u0131 gizl\u0259tm\u0259yin m\u00fcmk\u00fcn olmad\u0131\u011f\u0131n\u0131 bildirir. \u0130nsanlar aras\u0131nda yay\u0131lan m\u0259lumatlar\u0131n, h\u0259tta yanl\u0131\u015f olsa bel\u0259, c\u0259miyy\u0259tin d\u00fc\u015f\u00fcnc\u0259sin\u0259 t\u0259sir ed\u0259 bil\u0259c\u0259yini g\u00f6st\u0259rir. Bu atalar s\u00f6z\u00fc, insanlar\u0131n &#8230; <a title=\"El A\u011fz\u0131 \u00c7uval A\u011fz\u0131 Deyil Ki, Ba\u011flayasan\" class=\"read-more\" href=\"https:\/\/nedir.az\/atalar-sozleri\/el-agzi-cuval-agzi-deyil-ki-baglayasan-atalar-sozunun-menasi-nedir\" aria-label=\"Read more about El A\u011fz\u0131 \u00c7uval A\u011fz\u0131 Deyil Ki, Ba\u011flayasan\">Read more<\/a><\/p>\n","protected":false},"author":2,"featured_media":0,"comment_status":"open","ping_status":"open","sticky":false,"template":"","format":"standard","meta":{"footnotes":""},"categories":[1],"tags":[],"class_list":["post-6203","post","type-post","status-publish","format-standard","hentry","category-atalar-sozleri-atalar-sozu"],"aioseo_notices":[],"_links":{"self":[{"href":"https:\/\/nedir.az\/atalar-sozleri\/wp-json\/wp\/v2\/posts\/6203","targetHints":{"allow":["GET"]}}],"collection":[{"href":"https:\/\/nedir.az\/atalar-sozleri\/wp-json\/wp\/v2\/posts"}],"about":[{"href":"https:\/\/nedir.az\/atalar-sozleri\/wp-json\/wp\/v2\/types\/post"}],"author":[{"embeddable":true,"href":"https:\/\/nedir.az\/atalar-sozleri\/wp-json\/wp\/v2\/users\/2"}],"replies":[{"embeddable":true,"href":"https:\/\/nedir.az\/atalar-sozleri\/wp-json\/wp\/v2\/comments?post=6203"}],"version-history":[{"count":0,"href":"https:\/\/nedir.az\/atalar-sozleri\/wp-json\/wp\/v2\/posts\/6203\/revisions"}],"wp:attachment":[{"href":"https:\/\/nedir.az\/atalar-sozleri\/wp-json\/wp\/v2\/media?parent=6203"}],"wp:term":[{"taxonomy":"category","embeddable":true,"href":"https:\/\/nedir.az\/atalar-sozleri\/wp-json\/wp\/v2\/categories?post=6203"},{"taxonomy":"post_tag","embeddable":true,"href":"https:\/\/nedir.az\/atalar-sozleri\/wp-json\/wp\/v2\/tags?post=6203"}],"curies":[{"name":"wp","href":"https:\/\/api.w.org\/{rel}","templated":true}]}}