{"id":6201,"date":"2024-09-06T21:34:16","date_gmt":"2024-09-06T21:34:16","guid":{"rendered":""},"modified":"-0001-11-30T00:00:00","modified_gmt":"-0001-11-29T21:00:00","slug":"el-adami-igid-deye-candan-eder-comerd-deye-maldan","status":"publish","type":"post","link":"https:\/\/nedir.az\/atalar-sozleri\/el-adami-igid-deye-candan-eder-comerd-deye-maldan-atalar-sozunun-menasi-nedir","title":{"rendered":"El Adam\u0131 \u0130gid Dey\u0259 Candan Ed\u0259r, Com\u0259rd Dey\u0259 Maldan"},"content":{"rendered":"<p>&#8220;el adam\u0131 igid dey\u0259 candan ed\u0259r, com\u0259rd dey\u0259 maldan&#8221; atalar s\u00f6z\u00fc, insanlar\u0131n bir-birin\u0259 olan m\u00fcnasib\u0259tl\u0259rini v\u0259 d\u0259y\u0259rl\u0259rini vur\u011fulay\u0131r. Bu s\u00f6z, c\u0259miyy\u0259t i\u00e7ind\u0259ki insanlar\u0131n bir-birini nec\u0259 qiym\u0259tl\u0259ndirdiyini g\u00f6st\u0259rir. Burada &#8220;igid&#8221; s\u00f6z\u00fc, c\u0259sar\u0259tli, qorxmaz insanlar\u0131, &#8220;com\u0259rd&#8221; is\u0259, ba\u015fqalar\u0131na yard\u0131m ed\u0259n, xeyirxah insanlar\u0131 ifad\u0259 edir. Bu atalar s\u00f6z\u00fc, insanlar\u0131n c\u0259sar\u0259tini v\u0259 m\u0259rh\u0259m\u0259tini qiym\u0259tl\u0259ndirdikl\u0259rini, lakin bu d\u0259y\u0259rl\u0259rin maddi \u015feyl\u0259rd\u0259n daha \u00f6n\u0259mli oldu\u011funu bildirir. Y\u0259ni, bir insan\u0131n igidliyi onun can\u0131n\u0131, com\u0259rdliyi is\u0259 onun mal\u0131n\u0131 \u00f6n\u0259 \u00e7\u0131xar\u0131r.<\/p>\n<p><b>Q\u0131sa M\u0259nas\u0131<\/b><br \/>Bu atalar s\u00f6z\u00fc, insanlar\u0131n c\u0259sar\u0259tini v\u0259 m\u0259rh\u0259m\u0259tini qiym\u0259tl\u0259ndirdiyini, lakin maddi d\u0259y\u0259rl\u0259rin daha az \u00f6n\u0259mli oldu\u011funu vur\u011fulay\u0131r.<\/p>\n","protected":false},"excerpt":{"rendered":"<p>&#8220;el adam\u0131 igid dey\u0259 candan ed\u0259r, com\u0259rd dey\u0259 maldan&#8221; atalar s\u00f6z\u00fc, insanlar\u0131n bir-birin\u0259 olan m\u00fcnasib\u0259tl\u0259rini v\u0259 d\u0259y\u0259rl\u0259rini vur\u011fulay\u0131r. Bu s\u00f6z, c\u0259miyy\u0259t i\u00e7ind\u0259ki insanlar\u0131n bir-birini nec\u0259 qiym\u0259tl\u0259ndirdiyini g\u00f6st\u0259rir. Burada &#8220;igid&#8221; s\u00f6z\u00fc, c\u0259sar\u0259tli, qorxmaz insanlar\u0131, &#8220;com\u0259rd&#8221; is\u0259, ba\u015fqalar\u0131na yard\u0131m ed\u0259n, xeyirxah insanlar\u0131 ifad\u0259 edir. Bu atalar s\u00f6z\u00fc, insanlar\u0131n c\u0259sar\u0259tini v\u0259 m\u0259rh\u0259m\u0259tini qiym\u0259tl\u0259ndirdikl\u0259rini, lakin bu d\u0259y\u0259rl\u0259rin maddi \u015feyl\u0259rd\u0259n &#8230; <a title=\"El Adam\u0131 \u0130gid Dey\u0259 Candan Ed\u0259r, Com\u0259rd Dey\u0259 Maldan\" class=\"read-more\" href=\"https:\/\/nedir.az\/atalar-sozleri\/el-adami-igid-deye-candan-eder-comerd-deye-maldan-atalar-sozunun-menasi-nedir\" aria-label=\"Read more about El Adam\u0131 \u0130gid Dey\u0259 Candan Ed\u0259r, Com\u0259rd Dey\u0259 Maldan\">Read more<\/a><\/p>\n","protected":false},"author":2,"featured_media":0,"comment_status":"open","ping_status":"open","sticky":false,"template":"","format":"standard","meta":{"footnotes":""},"categories":[1],"tags":[],"class_list":["post-6201","post","type-post","status-publish","format-standard","hentry","category-atalar-sozleri-atalar-sozu"],"aioseo_notices":[],"_links":{"self":[{"href":"https:\/\/nedir.az\/atalar-sozleri\/wp-json\/wp\/v2\/posts\/6201","targetHints":{"allow":["GET"]}}],"collection":[{"href":"https:\/\/nedir.az\/atalar-sozleri\/wp-json\/wp\/v2\/posts"}],"about":[{"href":"https:\/\/nedir.az\/atalar-sozleri\/wp-json\/wp\/v2\/types\/post"}],"author":[{"embeddable":true,"href":"https:\/\/nedir.az\/atalar-sozleri\/wp-json\/wp\/v2\/users\/2"}],"replies":[{"embeddable":true,"href":"https:\/\/nedir.az\/atalar-sozleri\/wp-json\/wp\/v2\/comments?post=6201"}],"version-history":[{"count":0,"href":"https:\/\/nedir.az\/atalar-sozleri\/wp-json\/wp\/v2\/posts\/6201\/revisions"}],"wp:attachment":[{"href":"https:\/\/nedir.az\/atalar-sozleri\/wp-json\/wp\/v2\/media?parent=6201"}],"wp:term":[{"taxonomy":"category","embeddable":true,"href":"https:\/\/nedir.az\/atalar-sozleri\/wp-json\/wp\/v2\/categories?post=6201"},{"taxonomy":"post_tag","embeddable":true,"href":"https:\/\/nedir.az\/atalar-sozleri\/wp-json\/wp\/v2\/tags?post=6201"}],"curies":[{"name":"wp","href":"https:\/\/api.w.org\/{rel}","templated":true}]}}