{"id":6197,"date":"2024-09-06T21:34:16","date_gmt":"2024-09-06T21:34:16","guid":{"rendered":""},"modified":"-0001-11-30T00:00:00","modified_gmt":"-0001-11-29T21:00:00","slug":"ehtiyatli-qoyunu-qurd-yemez","status":"publish","type":"post","link":"https:\/\/nedir.az\/atalar-sozleri\/ehtiyatli-qoyunu-qurd-yemez-atalar-sozunun-menasi-nedir","title":{"rendered":"Ehtiyatl\u0131 Qoyunu Qurd Yem\u0259z"},"content":{"rendered":"<p>\u201cehtiyatl\u0131 qoyunu qurd yem\u0259z\u201d atalar s\u00f6z\u00fc, insanlara ehtiyatl\u0131 olma\u011f\u0131n, diqq\u0259tli davranma\u011f\u0131n v\u0259 riskl\u0259ri \u00f6nc\u0259d\u0259n g\u00f6rm\u0259yin \u0259h\u0259miyy\u0259tini vur\u011fulay\u0131r. Bu s\u00f6z, bir insan\u0131n \u00f6z\u00fcn\u00fc qorumaq \u00fc\u00e7\u00fcn t\u0259dbir g\u00f6rm\u0259sinin, ba\u015f\u0131na pis bir \u015fey g\u0259lm\u0259sinin qar\u015f\u0131s\u0131n\u0131 alaca\u011f\u0131n\u0131 bildirir. Ehtiyatl\u0131 davranan insanlar, ba\u015flar\u0131na g\u0259l\u0259c\u0259k \u00e7\u0259tinlikl\u0259rd\u0259n v\u0259 t\u0259hl\u00fck\u0259l\u0259rd\u0259n daha az t\u0259sirl\u0259nirl\u0259r. Bu atalar s\u00f6z\u00fc, h\u0259m d\u0259 h\u0259yat\u0131n m\u00fcxt\u0259lif sah\u0259l\u0259rind\u0259, m\u0259s\u0259l\u0259n, i\u015f, m\u00fcnasib\u0259tl\u0259r v\u0259 ya g\u00fcnd\u0259lik q\u0259rarlar ver\u0259rk\u0259n diqq\u0259tli olma\u011f\u0131n vacibliyini xat\u0131rlad\u0131r.<\/p>\n<p><b>Q\u0131sa M\u0259nas\u0131<\/b><br \/> Ehtiyatl\u0131 davranan insanlar, t\u0259hl\u00fck\u0259l\u0259rd\u0259n qorunur.<\/p>\n","protected":false},"excerpt":{"rendered":"<p>\u201cehtiyatl\u0131 qoyunu qurd yem\u0259z\u201d atalar s\u00f6z\u00fc, insanlara ehtiyatl\u0131 olma\u011f\u0131n, diqq\u0259tli davranma\u011f\u0131n v\u0259 riskl\u0259ri \u00f6nc\u0259d\u0259n g\u00f6rm\u0259yin \u0259h\u0259miyy\u0259tini vur\u011fulay\u0131r. Bu s\u00f6z, bir insan\u0131n \u00f6z\u00fcn\u00fc qorumaq \u00fc\u00e7\u00fcn t\u0259dbir g\u00f6rm\u0259sinin, ba\u015f\u0131na pis bir \u015fey g\u0259lm\u0259sinin qar\u015f\u0131s\u0131n\u0131 alaca\u011f\u0131n\u0131 bildirir. Ehtiyatl\u0131 davranan insanlar, ba\u015flar\u0131na g\u0259l\u0259c\u0259k \u00e7\u0259tinlikl\u0259rd\u0259n v\u0259 t\u0259hl\u00fck\u0259l\u0259rd\u0259n daha az t\u0259sirl\u0259nirl\u0259r. Bu atalar s\u00f6z\u00fc, h\u0259m d\u0259 h\u0259yat\u0131n m\u00fcxt\u0259lif sah\u0259l\u0259rind\u0259, m\u0259s\u0259l\u0259n, i\u015f, &#8230; <a title=\"Ehtiyatl\u0131 Qoyunu Qurd Yem\u0259z\" class=\"read-more\" href=\"https:\/\/nedir.az\/atalar-sozleri\/ehtiyatli-qoyunu-qurd-yemez-atalar-sozunun-menasi-nedir\" aria-label=\"Read more about Ehtiyatl\u0131 Qoyunu Qurd Yem\u0259z\">Read more<\/a><\/p>\n","protected":false},"author":2,"featured_media":0,"comment_status":"open","ping_status":"open","sticky":false,"template":"","format":"standard","meta":{"footnotes":""},"categories":[1],"tags":[],"class_list":["post-6197","post","type-post","status-publish","format-standard","hentry","category-atalar-sozleri-atalar-sozu"],"aioseo_notices":[],"_links":{"self":[{"href":"https:\/\/nedir.az\/atalar-sozleri\/wp-json\/wp\/v2\/posts\/6197","targetHints":{"allow":["GET"]}}],"collection":[{"href":"https:\/\/nedir.az\/atalar-sozleri\/wp-json\/wp\/v2\/posts"}],"about":[{"href":"https:\/\/nedir.az\/atalar-sozleri\/wp-json\/wp\/v2\/types\/post"}],"author":[{"embeddable":true,"href":"https:\/\/nedir.az\/atalar-sozleri\/wp-json\/wp\/v2\/users\/2"}],"replies":[{"embeddable":true,"href":"https:\/\/nedir.az\/atalar-sozleri\/wp-json\/wp\/v2\/comments?post=6197"}],"version-history":[{"count":0,"href":"https:\/\/nedir.az\/atalar-sozleri\/wp-json\/wp\/v2\/posts\/6197\/revisions"}],"wp:attachment":[{"href":"https:\/\/nedir.az\/atalar-sozleri\/wp-json\/wp\/v2\/media?parent=6197"}],"wp:term":[{"taxonomy":"category","embeddable":true,"href":"https:\/\/nedir.az\/atalar-sozleri\/wp-json\/wp\/v2\/categories?post=6197"},{"taxonomy":"post_tag","embeddable":true,"href":"https:\/\/nedir.az\/atalar-sozleri\/wp-json\/wp\/v2\/tags?post=6197"}],"curies":[{"name":"wp","href":"https:\/\/api.w.org\/{rel}","templated":true}]}}